{"id":1854,"date":"2025-10-15T10:30:29","date_gmt":"2025-10-15T07:30:29","guid":{"rendered":"https:\/\/viljelusvoistlus.ee\/?p=1854"},"modified":"2025-11-23T20:40:57","modified_gmt":"2025-11-23T18:40:57","slug":"viljelusvoistlus-2025-lopukonverents","status":"publish","type":"post","link":"https:\/\/viljelusvoistlus.ee\/en\/2025\/10\/15\/viljelusvoistlus-2025-lopukonverents\/","title":{"rendered":"Final conference 2025"},"content":{"rendered":"<p><strong>Aeg:<\/strong> 21. november 2025<\/p>\n<p><strong>Koht:<\/strong> Alatskivi s\u00f5iduhobuste tall, Lossi 6, Alatskivi, Peipsi\u00e4\u00e4re vald, Tartumaa<\/p>\n<p><strong>Korraldajad:<\/strong> Viljelusp\u00e4evad MT\u00dc ja Maaelu Teadmuskeskus<\/p>\n<p>\u00dcritus toimub Alatskivil kohapeal ja veebis.<\/p>\n<p><strong>P\u00e4evakava<\/strong><br \/>\n9.30 Kogunemine, tervituskohv<br \/>\n10.00 Avas\u00f5nad korraldajatelt \u2013 Andre Veskioja (METK), Margus Ameerikas (Baltic Agro)<br \/>\n10.10 Tervituss\u00f5nad Alatskivi lossi esindajalt \u2013 Laura Lillepalu-Scott<br \/>\n10.20 \u00dclevaade taimekasvatushooajast 2025, suunad tulevikuks \u2013 Kristel Maidre (Regionaal- ja P\u00f5llumajandusministeerium)<br \/>\n10.50 Kuidas m\u00f5jutas ootamatu ilm saagikust ja kvaliteeti? \u2013 Mart Toomsalu\u00a0(METK)<br \/>\n11.20 Viljelusv\u00f5istluse p\u00f5ldude tulukus 2025 \u2013\u00a0Raivo Vettik\u00a0(METK)<br \/>\n11.40 Taimetoitainete tasakaal 2025, C bilanss \u2013 Endla Reintam (EM\u00dc)<br \/>\n12.10 Kuidas hinnata taimede toitainete vajadust? \u2013 Ernestas Petrauskas (Smart Agrometer)<br \/>\n12.40 L\u00f5unapaus<br \/>\n13.30 Maa\u00fclikooli tudengite kogemus Viljelusv\u00f5istluse osalejana \u2013\u00a0Ino Kurg\u00a0ja\u00a0Agur Moppel<br \/>\n13.40 Viljelusv\u00f5istluse saakide kvaliteet &#8211; Evelin Loit (EM\u00dc)<br \/>\n14.00 Viljelusv\u00f5istlus 2025 tulemused \u2013 Margus Ameerikas (Baltic Agro)<br \/>\n14.30 Viljelusv\u00f5istluse osalejate autasustamine<br \/>\n14.45 Viljelusv\u00f5istluse osalejate s\u00f5nav\u00f5tud, \u00fclevaade kasutatud tehnoloogiatest \u2013 teraviljakultuuride esindajad<br \/>\n15.30 L\u00f5pus\u00f5nad, kokkuv\u00f5te<\/p>\n<p>Korraldaja j\u00e4tab endale \u00f5iguse teha p\u00e4evakavas muudatusi.<\/p>\n<p><strong>Lisainfo:\u00a0<\/strong><br \/>\nKaisa Tsopp<br \/>\nMaaelu Teadmuskeskuse n\u00f5unik ja taimekasvatussoovituste teenuse juht<br \/>\n+372 5191 7124<br \/>\nkaisa.tsopp@metk.agri.ee<\/p>\n<p>Viljelusv\u00f5istluse l\u00f5pukonverentsi korraldamist kaasrahastab Euroopa Liit \u00dcPP \u00a0strateegiakava 2023-2027 p\u00f5llumajanduslike teadmiste ja innovatsiooni s\u00fcsteemi (AKIS) toetuse raames.<\/p>\n<p><img loading=\"lazy\" decoding=\"async\" class=\"alignnone size-medium wp-image-1892\" src=\"https:\/\/viljelusvoistlus.ee\/wp-content\/uploads\/2025\/10\/AKISjaEU-300x46.jpg\" alt=\"\" width=\"300\" height=\"46\" srcset=\"https:\/\/viljelusvoistlus.ee\/wp-content\/uploads\/2025\/10\/AKISjaEU-300x46.jpg 300w, https:\/\/viljelusvoistlus.ee\/wp-content\/uploads\/2025\/10\/AKISjaEU-480x74.jpg 480w, https:\/\/viljelusvoistlus.ee\/wp-content\/uploads\/2025\/10\/AKISjaEU-230x35.jpg 230w, https:\/\/viljelusvoistlus.ee\/wp-content\/uploads\/2025\/10\/AKISjaEU-350x54.jpg 350w, https:\/\/viljelusvoistlus.ee\/wp-content\/uploads\/2025\/10\/AKISjaEU.jpg 683w\" sizes=\"auto, (max-width: 300px) 100vw, 300px\" \/><img loading=\"lazy\" decoding=\"async\" class=\"alignnone wp-image-1893\" src=\"https:\/\/viljelusvoistlus.ee\/wp-content\/uploads\/2025\/10\/METK_EE_HORIS_MUST-1-300x89.png\" alt=\"\" width=\"171\" height=\"51\" srcset=\"https:\/\/viljelusvoistlus.ee\/wp-content\/uploads\/2025\/10\/METK_EE_HORIS_MUST-1-300x89.png 300w, https:\/\/viljelusvoistlus.ee\/wp-content\/uploads\/2025\/10\/METK_EE_HORIS_MUST-1-1024x304.png 1024w, https:\/\/viljelusvoistlus.ee\/wp-content\/uploads\/2025\/10\/METK_EE_HORIS_MUST-1-768x228.png 768w, https:\/\/viljelusvoistlus.ee\/wp-content\/uploads\/2025\/10\/METK_EE_HORIS_MUST-1-1536x456.png 1536w, https:\/\/viljelusvoistlus.ee\/wp-content\/uploads\/2025\/10\/METK_EE_HORIS_MUST-1-2048x607.png 2048w, https:\/\/viljelusvoistlus.ee\/wp-content\/uploads\/2025\/10\/METK_EE_HORIS_MUST-1-480x142.png 480w, https:\/\/viljelusvoistlus.ee\/wp-content\/uploads\/2025\/10\/METK_EE_HORIS_MUST-1-1000x297.png 1000w, https:\/\/viljelusvoistlus.ee\/wp-content\/uploads\/2025\/10\/METK_EE_HORIS_MUST-1-230x68.png 230w, https:\/\/viljelusvoistlus.ee\/wp-content\/uploads\/2025\/10\/METK_EE_HORIS_MUST-1-350x104.png 350w\" sizes=\"auto, (max-width: 171px) 100vw, 171px\" \/><img loading=\"lazy\" decoding=\"async\" class=\"alignnone wp-image-1894\" src=\"https:\/\/viljelusvoistlus.ee\/wp-content\/uploads\/2025\/10\/Viljelusvoistlus_logo_2025_rukis-242x300.jpg\" alt=\"\" width=\"110\" height=\"137\" srcset=\"https:\/\/viljelusvoistlus.ee\/wp-content\/uploads\/2025\/10\/Viljelusvoistlus_logo_2025_rukis-242x300.jpg 242w, https:\/\/viljelusvoistlus.ee\/wp-content\/uploads\/2025\/10\/Viljelusvoistlus_logo_2025_rukis-827x1024.jpg 827w, https:\/\/viljelusvoistlus.ee\/wp-content\/uploads\/2025\/10\/Viljelusvoistlus_logo_2025_rukis-768x951.jpg 768w, https:\/\/viljelusvoistlus.ee\/wp-content\/uploads\/2025\/10\/Viljelusvoistlus_logo_2025_rukis-480x594.jpg 480w, https:\/\/viljelusvoistlus.ee\/wp-content\/uploads\/2025\/10\/Viljelusvoistlus_logo_2025_rukis-1000x1238.jpg 1000w, https:\/\/viljelusvoistlus.ee\/wp-content\/uploads\/2025\/10\/Viljelusvoistlus_logo_2025_rukis-230x285.jpg 230w, https:\/\/viljelusvoistlus.ee\/wp-content\/uploads\/2025\/10\/Viljelusvoistlus_logo_2025_rukis-350x433.jpg 350w, https:\/\/viljelusvoistlus.ee\/wp-content\/uploads\/2025\/10\/Viljelusvoistlus_logo_2025_rukis.jpg 1240w\" sizes=\"auto, (max-width: 110px) 100vw, 110px\" \/><\/p>\n<p>&nbsp;<\/p>","protected":false},"excerpt":{"rendered":"<p>Aeg: 21. november 2025 Koht: Alatskivi s\u00f5iduhobuste tall, Lossi 6, Alatskivi, Peipsi\u00e4\u00e4re vald, Tartumaa Korraldajad: Viljelusp\u00e4evad MT\u00dc ja Maaelu Teadmuskeskus \u00dcritus toimub Alatskivil kohapeal ja veebis. P\u00e4evakava 9.30 Kogunemine, tervituskohv 10.00 Avas\u00f5nad korraldajatelt \u2013 Andre Veskioja (METK), Margus Ameerikas (Baltic Agro) 10.10 Tervituss\u00f5nad Alatskivi lossi esindajalt \u2013 Laura Lillepalu-Scott 10.20 \u00dclevaade taimekasvatushooajast 2025, suunad tulevikuks [&hellip;]<\/p>\n","protected":false},"author":9,"featured_media":0,"comment_status":"closed","ping_status":"open","sticky":false,"template":"","format":"standard","meta":{"two_page_speed":[],"footnotes":""},"categories":[1],"tags":[],"class_list":["post-1854","post","type-post","status-publish","format-standard","hentry","category-maaratlemata"],"_links":{"self":[{"href":"https:\/\/viljelusvoistlus.ee\/en\/wp-json\/wp\/v2\/posts\/1854","targetHints":{"allow":["GET"]}}],"collection":[{"href":"https:\/\/viljelusvoistlus.ee\/en\/wp-json\/wp\/v2\/posts"}],"about":[{"href":"https:\/\/viljelusvoistlus.ee\/en\/wp-json\/wp\/v2\/types\/post"}],"author":[{"embeddable":true,"href":"https:\/\/viljelusvoistlus.ee\/en\/wp-json\/wp\/v2\/users\/9"}],"replies":[{"embeddable":true,"href":"https:\/\/viljelusvoistlus.ee\/en\/wp-json\/wp\/v2\/comments?post=1854"}],"version-history":[{"count":5,"href":"https:\/\/viljelusvoistlus.ee\/en\/wp-json\/wp\/v2\/posts\/1854\/revisions"}],"predecessor-version":[{"id":2231,"href":"https:\/\/viljelusvoistlus.ee\/en\/wp-json\/wp\/v2\/posts\/1854\/revisions\/2231"}],"wp:attachment":[{"href":"https:\/\/viljelusvoistlus.ee\/en\/wp-json\/wp\/v2\/media?parent=1854"}],"wp:term":[{"taxonomy":"category","embeddable":true,"href":"https:\/\/viljelusvoistlus.ee\/en\/wp-json\/wp\/v2\/categories?post=1854"},{"taxonomy":"post_tag","embeddable":true,"href":"https:\/\/viljelusvoistlus.ee\/en\/wp-json\/wp\/v2\/tags?post=1854"}],"curies":[{"name":"wp","href":"https:\/\/api.w.org\/{rel}","templated":true}]}}