{"id":1849,"date":"2025-10-15T10:26:29","date_gmt":"2025-10-15T07:26:29","guid":{"rendered":"https:\/\/viljelusvoistlus.ee\/?p=1849"},"modified":"2025-10-15T10:26:29","modified_gmt":"2025-10-15T07:26:29","slug":"voistluspollud-2025-kanep","status":"publish","type":"post","link":"https:\/\/viljelusvoistlus.ee\/en\/2025\/10\/15\/voistluspollud-2025-kanep\/","title":{"rendered":"V\u00f5istlusp\u00f5llud 2025 &#8211; kanep"},"content":{"rendered":"<div class=\"xdj266r x14z9mp xat24cr x1lziwak x1vvkbs x126k92a\"><\/div>\n<div class=\"x14z9mp xat24cr x1lziwak x1vvkbs xtlvy1s x126k92a\">\n<div dir=\"auto\">Kanep on viljelusv\u00f5istlusel esmakordselt. Saagikusega ei ole v\u00f5imalik v\u00f5istelda, kuid v\u00e4ga huvitav saab olema arvutus tulukuse ja s\u00fcsiniku bilansi kohta.<\/div>\n<\/div>\n<p>Kalmer Kivirai Saaremaalt Saare Muldne O\u00dcst sordiga &#8216;Cfx-2&#8217;, mahe terasaak p\u00f5lluniiskusega \u00fcle 1 t\/ha.<\/p>\n<p><img loading=\"lazy\" decoding=\"async\" class=\"alignnone size-medium wp-image-1850\" src=\"https:\/\/viljelusvoistlus.ee\/wp-content\/uploads\/2025\/10\/Kalmer-Kivirai_Rauno-Kuuskor-300x199.jpg\" alt=\"\" width=\"300\" height=\"199\" srcset=\"https:\/\/viljelusvoistlus.ee\/wp-content\/uploads\/2025\/10\/Kalmer-Kivirai_Rauno-Kuuskor-300x199.jpg 300w, https:\/\/viljelusvoistlus.ee\/wp-content\/uploads\/2025\/10\/Kalmer-Kivirai_Rauno-Kuuskor-1024x681.jpg 1024w, https:\/\/viljelusvoistlus.ee\/wp-content\/uploads\/2025\/10\/Kalmer-Kivirai_Rauno-Kuuskor-768x511.jpg 768w, https:\/\/viljelusvoistlus.ee\/wp-content\/uploads\/2025\/10\/Kalmer-Kivirai_Rauno-Kuuskor-1536x1021.jpg 1536w, https:\/\/viljelusvoistlus.ee\/wp-content\/uploads\/2025\/10\/Kalmer-Kivirai_Rauno-Kuuskor-2048x1362.jpg 2048w, https:\/\/viljelusvoistlus.ee\/wp-content\/uploads\/2025\/10\/Kalmer-Kivirai_Rauno-Kuuskor-480x319.jpg 480w, https:\/\/viljelusvoistlus.ee\/wp-content\/uploads\/2025\/10\/Kalmer-Kivirai_Rauno-Kuuskor-1000x665.jpg 1000w, https:\/\/viljelusvoistlus.ee\/wp-content\/uploads\/2025\/10\/Kalmer-Kivirai_Rauno-Kuuskor-230x153.jpg 230w, https:\/\/viljelusvoistlus.ee\/wp-content\/uploads\/2025\/10\/Kalmer-Kivirai_Rauno-Kuuskor-350x233.jpg 350w\" sizes=\"auto, (max-width: 300px) 100vw, 300px\" \/><\/p>\n<p>Rohkem fotosid ja infot v\u00f5istlusel osalevatest p\u00f5ldudest on leitav <a href=\"https:\/\/www.facebook.com\/viljelusvoistlus\">Viljelusv\u00f5istluse Facebookist<\/a><\/p>","protected":false},"excerpt":{"rendered":"<p>Kanep on viljelusv\u00f5istlusel esmakordselt. Saagikusega ei ole v\u00f5imalik v\u00f5istelda, kuid v\u00e4ga huvitav saab olema arvutus tulukuse ja s\u00fcsiniku bilansi kohta. Kalmer Kivirai Saaremaalt Saare Muldne O\u00dcst sordiga &#8216;Cfx-2&#8217;, mahe terasaak p\u00f5lluniiskusega \u00fcle 1 t\/ha. Rohkem fotosid ja infot v\u00f5istlusel osalevatest p\u00f5ldudest on leitav Viljelusv\u00f5istluse Facebookist<\/p>","protected":false},"author":9,"featured_media":0,"comment_status":"closed","ping_status":"open","sticky":false,"template":"","format":"standard","meta":{"two_page_speed":[],"footnotes":""},"categories":[1],"tags":[],"class_list":["post-1849","post","type-post","status-publish","format-standard","hentry","category-maaratlemata"],"_links":{"self":[{"href":"https:\/\/viljelusvoistlus.ee\/en\/wp-json\/wp\/v2\/posts\/1849","targetHints":{"allow":["GET"]}}],"collection":[{"href":"https:\/\/viljelusvoistlus.ee\/en\/wp-json\/wp\/v2\/posts"}],"about":[{"href":"https:\/\/viljelusvoistlus.ee\/en\/wp-json\/wp\/v2\/types\/post"}],"author":[{"embeddable":true,"href":"https:\/\/viljelusvoistlus.ee\/en\/wp-json\/wp\/v2\/users\/9"}],"replies":[{"embeddable":true,"href":"https:\/\/viljelusvoistlus.ee\/en\/wp-json\/wp\/v2\/comments?post=1849"}],"version-history":[{"count":3,"href":"https:\/\/viljelusvoistlus.ee\/en\/wp-json\/wp\/v2\/posts\/1849\/revisions"}],"predecessor-version":[{"id":1853,"href":"https:\/\/viljelusvoistlus.ee\/en\/wp-json\/wp\/v2\/posts\/1849\/revisions\/1853"}],"wp:attachment":[{"href":"https:\/\/viljelusvoistlus.ee\/en\/wp-json\/wp\/v2\/media?parent=1849"}],"wp:term":[{"taxonomy":"category","embeddable":true,"href":"https:\/\/viljelusvoistlus.ee\/en\/wp-json\/wp\/v2\/categories?post=1849"},{"taxonomy":"post_tag","embeddable":true,"href":"https:\/\/viljelusvoistlus.ee\/en\/wp-json\/wp\/v2\/tags?post=1849"}],"curies":[{"name":"wp","href":"https:\/\/api.w.org\/{rel}","templated":true}]}}