{"id":1809,"date":"2025-10-15T10:26:59","date_gmt":"2025-10-15T07:26:59","guid":{"rendered":"https:\/\/viljelusvoistlus.ee\/?p=1809"},"modified":"2025-10-15T10:26:59","modified_gmt":"2025-10-15T07:26:59","slug":"voistluspollud-2025-polduba","status":"publish","type":"post","link":"https:\/\/viljelusvoistlus.ee\/en\/2025\/10\/15\/voistluspollud-2025-polduba\/","title":{"rendered":"V\u00f5istlusp\u00f5llud 2025 &#8211; p\u00f5lduba"},"content":{"rendered":"<p>P\u00f5lduba oli \u00fcks kultuuridest, mille saakidega v\u00f5is sellel aastal rahule j\u00e4\u00e4da. Viljelusv\u00f5istlusel oli 4 p\u00f5ldoa p\u00f5ldu ja nende keskmine saagikus oli 6,0 t\/ha.<\/p>\n<div dir=\"auto\">\n<div dir=\"auto\">\n<div dir=\"auto\">T\u00f5nis Riisk Viljandimaalt Essi Agrost sordiga &#8216;Lynx&#8217;, 6,6 t\/ha.<\/div>\n<div dir=\"auto\"><img loading=\"lazy\" decoding=\"async\" class=\"alignnone size-medium wp-image-1814\" src=\"https:\/\/viljelusvoistlus.ee\/wp-content\/uploads\/2025\/10\/Tonis-Riisk_polduba-300x200.jpg\" alt=\"\" width=\"300\" height=\"200\" srcset=\"https:\/\/www.viljelusvoistlus.ee\/wp-content\/uploads\/2025\/10\/Tonis-Riisk_polduba-300x200.jpg 300w, https:\/\/www.viljelusvoistlus.ee\/wp-content\/uploads\/2025\/10\/Tonis-Riisk_polduba-1024x681.jpg 1024w, https:\/\/www.viljelusvoistlus.ee\/wp-content\/uploads\/2025\/10\/Tonis-Riisk_polduba-768x511.jpg 768w, https:\/\/www.viljelusvoistlus.ee\/wp-content\/uploads\/2025\/10\/Tonis-Riisk_polduba-1536x1022.jpg 1536w, https:\/\/www.viljelusvoistlus.ee\/wp-content\/uploads\/2025\/10\/Tonis-Riisk_polduba-480x319.jpg 480w, https:\/\/www.viljelusvoistlus.ee\/wp-content\/uploads\/2025\/10\/Tonis-Riisk_polduba-1000x665.jpg 1000w, https:\/\/www.viljelusvoistlus.ee\/wp-content\/uploads\/2025\/10\/Tonis-Riisk_polduba-230x153.jpg 230w, https:\/\/www.viljelusvoistlus.ee\/wp-content\/uploads\/2025\/10\/Tonis-Riisk_polduba-350x233.jpg 350w, https:\/\/www.viljelusvoistlus.ee\/wp-content\/uploads\/2025\/10\/Tonis-Riisk_polduba-272x182.jpg 272w, https:\/\/www.viljelusvoistlus.ee\/wp-content\/uploads\/2025\/10\/Tonis-Riisk_polduba.jpg 2048w\" sizes=\"auto, (max-width: 300px) 100vw, 300px\" \/><\/div>\n<div dir=\"auto\">Erki Uustalu Raplamaalt Sipa Seeme O\u00dcst sordiga &#8216;Loki&#8217;, 6,2 t\/ha.<\/div>\n<div dir=\"auto\"><img loading=\"lazy\" decoding=\"async\" class=\"alignnone size-medium wp-image-1811\" src=\"https:\/\/viljelusvoistlus.ee\/wp-content\/uploads\/2025\/10\/Erki-Uustalu_polduba-300x200.jpg\" alt=\"\" width=\"300\" height=\"200\" srcset=\"https:\/\/www.viljelusvoistlus.ee\/wp-content\/uploads\/2025\/10\/Erki-Uustalu_polduba-300x200.jpg 300w, https:\/\/www.viljelusvoistlus.ee\/wp-content\/uploads\/2025\/10\/Erki-Uustalu_polduba-1024x681.jpg 1024w, https:\/\/www.viljelusvoistlus.ee\/wp-content\/uploads\/2025\/10\/Erki-Uustalu_polduba-768x511.jpg 768w, https:\/\/www.viljelusvoistlus.ee\/wp-content\/uploads\/2025\/10\/Erki-Uustalu_polduba-1536x1022.jpg 1536w, https:\/\/www.viljelusvoistlus.ee\/wp-content\/uploads\/2025\/10\/Erki-Uustalu_polduba-480x319.jpg 480w, https:\/\/www.viljelusvoistlus.ee\/wp-content\/uploads\/2025\/10\/Erki-Uustalu_polduba-1000x665.jpg 1000w, https:\/\/www.viljelusvoistlus.ee\/wp-content\/uploads\/2025\/10\/Erki-Uustalu_polduba-230x153.jpg 230w, https:\/\/www.viljelusvoistlus.ee\/wp-content\/uploads\/2025\/10\/Erki-Uustalu_polduba-350x233.jpg 350w, https:\/\/www.viljelusvoistlus.ee\/wp-content\/uploads\/2025\/10\/Erki-Uustalu_polduba-272x182.jpg 272w, https:\/\/www.viljelusvoistlus.ee\/wp-content\/uploads\/2025\/10\/Erki-Uustalu_polduba.jpg 2048w\" sizes=\"auto, (max-width: 300px) 100vw, 300px\" \/><\/div>\n<div dir=\"auto\">Ly Nurm Valgamaalt Frago O\u00dcst sordiga &#8216;Iron&#8217;, 6,1 t\/ha.<\/div>\n<div dir=\"auto\"><img loading=\"lazy\" decoding=\"async\" class=\"alignnone size-medium wp-image-1812\" src=\"https:\/\/viljelusvoistlus.ee\/wp-content\/uploads\/2025\/10\/Ly-Nurm_polduba-300x200.jpg\" alt=\"\" width=\"300\" height=\"200\" srcset=\"https:\/\/www.viljelusvoistlus.ee\/wp-content\/uploads\/2025\/10\/Ly-Nurm_polduba-300x200.jpg 300w, https:\/\/www.viljelusvoistlus.ee\/wp-content\/uploads\/2025\/10\/Ly-Nurm_polduba-1024x681.jpg 1024w, https:\/\/www.viljelusvoistlus.ee\/wp-content\/uploads\/2025\/10\/Ly-Nurm_polduba-768x511.jpg 768w, https:\/\/www.viljelusvoistlus.ee\/wp-content\/uploads\/2025\/10\/Ly-Nurm_polduba-1536x1022.jpg 1536w, https:\/\/www.viljelusvoistlus.ee\/wp-content\/uploads\/2025\/10\/Ly-Nurm_polduba-480x319.jpg 480w, https:\/\/www.viljelusvoistlus.ee\/wp-content\/uploads\/2025\/10\/Ly-Nurm_polduba-1000x665.jpg 1000w, https:\/\/www.viljelusvoistlus.ee\/wp-content\/uploads\/2025\/10\/Ly-Nurm_polduba-230x153.jpg 230w, https:\/\/www.viljelusvoistlus.ee\/wp-content\/uploads\/2025\/10\/Ly-Nurm_polduba-350x233.jpg 350w, https:\/\/www.viljelusvoistlus.ee\/wp-content\/uploads\/2025\/10\/Ly-Nurm_polduba-272x182.jpg 272w, https:\/\/www.viljelusvoistlus.ee\/wp-content\/uploads\/2025\/10\/Ly-Nurm_polduba.jpg 2048w\" sizes=\"auto, (max-width: 300px) 100vw, 300px\" \/><\/div>\n<div dir=\"auto\">Markus Rouhiainen P\u00e4rnumaalt L\u00f5pe Agrost sordiga &#8216;Boxer&#8217;, 5,1 t\/ha.<\/div>\n<div dir=\"auto\"><img loading=\"lazy\" decoding=\"async\" class=\"alignnone size-medium wp-image-1813\" src=\"https:\/\/viljelusvoistlus.ee\/wp-content\/uploads\/2025\/10\/Markus-Rouhiainen_polduba-300x200.jpg\" alt=\"\" width=\"300\" height=\"200\" srcset=\"https:\/\/www.viljelusvoistlus.ee\/wp-content\/uploads\/2025\/10\/Markus-Rouhiainen_polduba-300x200.jpg 300w, https:\/\/www.viljelusvoistlus.ee\/wp-content\/uploads\/2025\/10\/Markus-Rouhiainen_polduba-1024x681.jpg 1024w, https:\/\/www.viljelusvoistlus.ee\/wp-content\/uploads\/2025\/10\/Markus-Rouhiainen_polduba-768x511.jpg 768w, https:\/\/www.viljelusvoistlus.ee\/wp-content\/uploads\/2025\/10\/Markus-Rouhiainen_polduba-1536x1022.jpg 1536w, https:\/\/www.viljelusvoistlus.ee\/wp-content\/uploads\/2025\/10\/Markus-Rouhiainen_polduba-480x319.jpg 480w, https:\/\/www.viljelusvoistlus.ee\/wp-content\/uploads\/2025\/10\/Markus-Rouhiainen_polduba-1000x665.jpg 1000w, https:\/\/www.viljelusvoistlus.ee\/wp-content\/uploads\/2025\/10\/Markus-Rouhiainen_polduba-230x153.jpg 230w, https:\/\/www.viljelusvoistlus.ee\/wp-content\/uploads\/2025\/10\/Markus-Rouhiainen_polduba-350x233.jpg 350w, https:\/\/www.viljelusvoistlus.ee\/wp-content\/uploads\/2025\/10\/Markus-Rouhiainen_polduba-272x182.jpg 272w, https:\/\/www.viljelusvoistlus.ee\/wp-content\/uploads\/2025\/10\/Markus-Rouhiainen_polduba.jpg 2048w\" sizes=\"auto, (max-width: 300px) 100vw, 300px\" \/><\/div>\n<\/div>\n<div dir=\"auto\"><\/div>\n<div dir=\"auto\">\n<div class=\"x14z9mp xat24cr x1lziwak x1vvkbs xtlvy1s x126k92a\">\n<div dir=\"auto\">Napilt j\u00e4i p\u00fcsima viljelusv\u00f5istluse senine p\u00f5ldoa saagirekord, mis on 6,8 t\/ha Erki Plamus nimel aastast 2022.<\/div>\n<\/div>\n<div class=\"x14z9mp xat24cr x1lziwak x1vvkbs xtlvy1s x126k92a\">\n<div dir=\"auto\">Parim k\u00e4esoleva aasta p\u00f5ldoa kasvataja selgub aga saagikuse, saagi kvaliteedi ja tulukuse kokkuv\u00f5ttes ja avalikustatakse l\u00f5pukonverentsil Alatskivil 21. novembril.<\/div>\n<div dir=\"auto\"><\/div>\n<\/div>\n<\/div>\n<div dir=\"auto\">Rohkem fotosid ja infot v\u00f5istlusel osalevatest p\u00f5ldudest on leitav <a href=\"https:\/\/www.facebook.com\/viljelusvoistlus\">Viljelusv\u00f5istluse Facebookist<\/a><\/div>\n<\/div>","protected":false},"excerpt":{"rendered":"<p>P\u00f5lduba oli \u00fcks kultuuridest, mille saakidega v\u00f5is sellel aastal rahule j\u00e4\u00e4da. Viljelusv\u00f5istlusel oli 4 p\u00f5ldoa p\u00f5ldu ja nende keskmine saagikus oli 6,0 t\/ha. T\u00f5nis Riisk Viljandimaalt Essi Agrost sordiga &#8216;Lynx&#8217;, 6,6 t\/ha. Erki Uustalu Raplamaalt Sipa Seeme O\u00dcst sordiga &#8216;Loki&#8217;, 6,2 t\/ha. Ly Nurm Valgamaalt Frago O\u00dcst sordiga &#8216;Iron&#8217;, 6,1 t\/ha. Markus Rouhiainen P\u00e4rnumaalt L\u00f5pe [&hellip;]<\/p>\n","protected":false},"author":9,"featured_media":0,"comment_status":"closed","ping_status":"open","sticky":false,"template":"","format":"standard","meta":{"two_page_speed":[],"footnotes":""},"categories":[1],"tags":[],"class_list":["post-1809","post","type-post","status-publish","format-standard","hentry","category-maaratlemata"],"_links":{"self":[{"href":"https:\/\/viljelusvoistlus.ee\/en\/wp-json\/wp\/v2\/posts\/1809","targetHints":{"allow":["GET"]}}],"collection":[{"href":"https:\/\/viljelusvoistlus.ee\/en\/wp-json\/wp\/v2\/posts"}],"about":[{"href":"https:\/\/viljelusvoistlus.ee\/en\/wp-json\/wp\/v2\/types\/post"}],"author":[{"embeddable":true,"href":"https:\/\/viljelusvoistlus.ee\/en\/wp-json\/wp\/v2\/users\/9"}],"replies":[{"embeddable":true,"href":"https:\/\/viljelusvoistlus.ee\/en\/wp-json\/wp\/v2\/comments?post=1809"}],"version-history":[{"count":3,"href":"https:\/\/viljelusvoistlus.ee\/en\/wp-json\/wp\/v2\/posts\/1809\/revisions"}],"predecessor-version":[{"id":1845,"href":"https:\/\/viljelusvoistlus.ee\/en\/wp-json\/wp\/v2\/posts\/1809\/revisions\/1845"}],"wp:attachment":[{"href":"https:\/\/viljelusvoistlus.ee\/en\/wp-json\/wp\/v2\/media?parent=1809"}],"wp:term":[{"taxonomy":"category","embeddable":true,"href":"https:\/\/viljelusvoistlus.ee\/en\/wp-json\/wp\/v2\/categories?post=1809"},{"taxonomy":"post_tag","embeddable":true,"href":"https:\/\/viljelusvoistlus.ee\/en\/wp-json\/wp\/v2\/tags?post=1809"}],"curies":[{"name":"wp","href":"https:\/\/api.w.org\/{rel}","templated":true}]}}