{"id":1807,"date":"2025-10-15T10:26:44","date_gmt":"2025-10-15T07:26:44","guid":{"rendered":"https:\/\/viljelusvoistlus.ee\/?p=1807"},"modified":"2025-10-15T10:26:44","modified_gmt":"2025-10-15T07:26:44","slug":"voistluspollud-2025-poldhernes","status":"publish","type":"post","link":"https:\/\/viljelusvoistlus.ee\/en\/2025\/10\/15\/voistluspollud-2025-poldhernes\/","title":{"rendered":"V\u00f5istlusp\u00f5llud 2025 &#8211; p\u00f5ldhernes"},"content":{"rendered":"<p>P\u00f5ldherne v\u00f5istluskategoorias osaleb kokku kaks p\u00f5ldu.<\/p>\n<div dir=\"auto\">\n<div dir=\"auto\">Karl Joosep Nukk L\u00e4\u00e4ne-Virumaalt Kadapiku Agro O\u00dcst sordiga &#8216;Eso&#8217;, 3,3 t\/ha.<\/div>\n<div dir=\"auto\"><img loading=\"lazy\" decoding=\"async\" class=\"alignnone size-medium wp-image-1846\" src=\"https:\/\/viljelusvoistlus.ee\/wp-content\/uploads\/2025\/10\/Karl-Joosep-Nukk_poldhernes-300x199.jpg\" alt=\"\" width=\"300\" height=\"199\" srcset=\"https:\/\/www.viljelusvoistlus.ee\/wp-content\/uploads\/2025\/10\/Karl-Joosep-Nukk_poldhernes-300x199.jpg 300w, https:\/\/www.viljelusvoistlus.ee\/wp-content\/uploads\/2025\/10\/Karl-Joosep-Nukk_poldhernes-1024x681.jpg 1024w, https:\/\/www.viljelusvoistlus.ee\/wp-content\/uploads\/2025\/10\/Karl-Joosep-Nukk_poldhernes-768x511.jpg 768w, https:\/\/www.viljelusvoistlus.ee\/wp-content\/uploads\/2025\/10\/Karl-Joosep-Nukk_poldhernes-1536x1021.jpg 1536w, https:\/\/www.viljelusvoistlus.ee\/wp-content\/uploads\/2025\/10\/Karl-Joosep-Nukk_poldhernes-2048x1362.jpg 2048w, https:\/\/www.viljelusvoistlus.ee\/wp-content\/uploads\/2025\/10\/Karl-Joosep-Nukk_poldhernes-480x319.jpg 480w, https:\/\/www.viljelusvoistlus.ee\/wp-content\/uploads\/2025\/10\/Karl-Joosep-Nukk_poldhernes-1000x665.jpg 1000w, https:\/\/www.viljelusvoistlus.ee\/wp-content\/uploads\/2025\/10\/Karl-Joosep-Nukk_poldhernes-230x153.jpg 230w, https:\/\/www.viljelusvoistlus.ee\/wp-content\/uploads\/2025\/10\/Karl-Joosep-Nukk_poldhernes-350x233.jpg 350w\" sizes=\"auto, (max-width: 300px) 100vw, 300px\" \/><\/div>\n<div dir=\"auto\"><\/div>\n<div dir=\"auto\">Margus Klais Tartumaalt R\u00e4msi Agro O\u00dcst sordiga &#8216;Alvesta&#8217;, 3,2 t\/ha.<\/div>\n<div dir=\"auto\"><img loading=\"lazy\" decoding=\"async\" class=\"alignnone size-medium wp-image-1847\" src=\"https:\/\/viljelusvoistlus.ee\/wp-content\/uploads\/2025\/10\/Margus-Klais_poldhernes-300x199.jpg\" alt=\"\" width=\"300\" height=\"199\" srcset=\"https:\/\/www.viljelusvoistlus.ee\/wp-content\/uploads\/2025\/10\/Margus-Klais_poldhernes-300x199.jpg 300w, https:\/\/www.viljelusvoistlus.ee\/wp-content\/uploads\/2025\/10\/Margus-Klais_poldhernes-1024x681.jpg 1024w, https:\/\/www.viljelusvoistlus.ee\/wp-content\/uploads\/2025\/10\/Margus-Klais_poldhernes-768x511.jpg 768w, https:\/\/www.viljelusvoistlus.ee\/wp-content\/uploads\/2025\/10\/Margus-Klais_poldhernes-1536x1021.jpg 1536w, https:\/\/www.viljelusvoistlus.ee\/wp-content\/uploads\/2025\/10\/Margus-Klais_poldhernes-2048x1362.jpg 2048w, https:\/\/www.viljelusvoistlus.ee\/wp-content\/uploads\/2025\/10\/Margus-Klais_poldhernes-480x319.jpg 480w, https:\/\/www.viljelusvoistlus.ee\/wp-content\/uploads\/2025\/10\/Margus-Klais_poldhernes-1000x665.jpg 1000w, https:\/\/www.viljelusvoistlus.ee\/wp-content\/uploads\/2025\/10\/Margus-Klais_poldhernes-230x153.jpg 230w, https:\/\/www.viljelusvoistlus.ee\/wp-content\/uploads\/2025\/10\/Margus-Klais_poldhernes-350x233.jpg 350w\" sizes=\"auto, (max-width: 300px) 100vw, 300px\" \/><\/div>\n<div dir=\"auto\"><\/div>\n<\/div>\n<p>Rohkem fotosid ja infot v\u00f5istlusel osalevatest p\u00f5ldudest on leitav <a href=\"https:\/\/www.facebook.com\/viljelusvoistlus\">Viljelusv\u00f5istluse Facebookist<\/a><\/p>","protected":false},"excerpt":{"rendered":"<p>P\u00f5ldherne v\u00f5istluskategoorias osaleb kokku kaks p\u00f5ldu. Karl Joosep Nukk L\u00e4\u00e4ne-Virumaalt Kadapiku Agro O\u00dcst sordiga &#8216;Eso&#8217;, 3,3 t\/ha. Margus Klais Tartumaalt R\u00e4msi Agro O\u00dcst sordiga &#8216;Alvesta&#8217;, 3,2 t\/ha. Rohkem fotosid ja infot v\u00f5istlusel osalevatest p\u00f5ldudest on leitav Viljelusv\u00f5istluse Facebookist<\/p>","protected":false},"author":9,"featured_media":0,"comment_status":"closed","ping_status":"open","sticky":false,"template":"","format":"standard","meta":{"two_page_speed":[],"footnotes":""},"categories":[1],"tags":[],"class_list":["post-1807","post","type-post","status-publish","format-standard","hentry","category-maaratlemata"],"_links":{"self":[{"href":"https:\/\/viljelusvoistlus.ee\/en\/wp-json\/wp\/v2\/posts\/1807","targetHints":{"allow":["GET"]}}],"collection":[{"href":"https:\/\/viljelusvoistlus.ee\/en\/wp-json\/wp\/v2\/posts"}],"about":[{"href":"https:\/\/viljelusvoistlus.ee\/en\/wp-json\/wp\/v2\/types\/post"}],"author":[{"embeddable":true,"href":"https:\/\/viljelusvoistlus.ee\/en\/wp-json\/wp\/v2\/users\/9"}],"replies":[{"embeddable":true,"href":"https:\/\/viljelusvoistlus.ee\/en\/wp-json\/wp\/v2\/comments?post=1807"}],"version-history":[{"count":2,"href":"https:\/\/viljelusvoistlus.ee\/en\/wp-json\/wp\/v2\/posts\/1807\/revisions"}],"predecessor-version":[{"id":1848,"href":"https:\/\/viljelusvoistlus.ee\/en\/wp-json\/wp\/v2\/posts\/1807\/revisions\/1848"}],"wp:attachment":[{"href":"https:\/\/viljelusvoistlus.ee\/en\/wp-json\/wp\/v2\/media?parent=1807"}],"wp:term":[{"taxonomy":"category","embeddable":true,"href":"https:\/\/viljelusvoistlus.ee\/en\/wp-json\/wp\/v2\/categories?post=1807"},{"taxonomy":"post_tag","embeddable":true,"href":"https:\/\/viljelusvoistlus.ee\/en\/wp-json\/wp\/v2\/tags?post=1807"}],"curies":[{"name":"wp","href":"https:\/\/api.w.org\/{rel}","templated":true}]}}