{"id":1799,"date":"2025-10-15T10:27:14","date_gmt":"2025-10-15T07:27:14","guid":{"rendered":"https:\/\/viljelusvoistlus.ee\/?p=1799"},"modified":"2025-10-15T10:27:14","modified_gmt":"2025-10-15T07:27:14","slug":"voistluspollud-2025-rukis","status":"publish","type":"post","link":"https:\/\/viljelusvoistlus.ee\/en\/2025\/10\/15\/voistluspollud-2025-rukis\/","title":{"rendered":"V\u00f5istlusp\u00f5llud 2025 &#8211; rukis"},"content":{"rendered":"<p>Rukki p\u00f5lde j\u00f5udis l\u00f5pptabelisse viis. Nendest neli h\u00fcbriid ja \u00fcks Sangaste. Keskmine h\u00fcbriidide saak oli 7,0 t\/ha, mis on hea tulemus, kuid eelnevate aastate stabiilselt \u00fcle 10 tonniseid saake seekord ei tulnud.<\/p>\n<div dir=\"auto\">\n<div dir=\"auto\">Andrus Lund Raplamaalt sordiga &#8216;KWS Jethro&#8217;, 8,4 t\/ha.<\/div>\n<div dir=\"auto\"><img loading=\"lazy\" decoding=\"async\" class=\"alignnone size-medium wp-image-1801\" src=\"https:\/\/viljelusvoistlus.ee\/wp-content\/uploads\/2025\/10\/Andrus-Lund-300x200.jpg\" alt=\"\" width=\"300\" height=\"200\" srcset=\"https:\/\/viljelusvoistlus.ee\/wp-content\/uploads\/2025\/10\/Andrus-Lund-300x200.jpg 300w, https:\/\/viljelusvoistlus.ee\/wp-content\/uploads\/2025\/10\/Andrus-Lund-1024x681.jpg 1024w, https:\/\/viljelusvoistlus.ee\/wp-content\/uploads\/2025\/10\/Andrus-Lund-768x511.jpg 768w, https:\/\/viljelusvoistlus.ee\/wp-content\/uploads\/2025\/10\/Andrus-Lund-1536x1022.jpg 1536w, https:\/\/viljelusvoistlus.ee\/wp-content\/uploads\/2025\/10\/Andrus-Lund-480x319.jpg 480w, https:\/\/viljelusvoistlus.ee\/wp-content\/uploads\/2025\/10\/Andrus-Lund-1000x665.jpg 1000w, https:\/\/viljelusvoistlus.ee\/wp-content\/uploads\/2025\/10\/Andrus-Lund-230x153.jpg 230w, https:\/\/viljelusvoistlus.ee\/wp-content\/uploads\/2025\/10\/Andrus-Lund-350x233.jpg 350w, https:\/\/viljelusvoistlus.ee\/wp-content\/uploads\/2025\/10\/Andrus-Lund-272x182.jpg 272w, https:\/\/viljelusvoistlus.ee\/wp-content\/uploads\/2025\/10\/Andrus-Lund.jpg 2048w\" sizes=\"auto, (max-width: 300px) 100vw, 300px\" \/><\/div>\n<div dir=\"auto\">Raido Allsaar J\u00e4rvamaalt M\u00e4gede O\u00dcst sordiga &#8216;KWS Jethro&#8217;, 7,7 t\/ha.<\/div>\n<div dir=\"auto\"><img loading=\"lazy\" decoding=\"async\" class=\"alignnone size-medium wp-image-1805\" src=\"https:\/\/viljelusvoistlus.ee\/wp-content\/uploads\/2025\/10\/Raido-Allsaar_rukis-300x200.jpg\" alt=\"\" width=\"300\" height=\"200\" srcset=\"https:\/\/viljelusvoistlus.ee\/wp-content\/uploads\/2025\/10\/Raido-Allsaar_rukis-300x200.jpg 300w, https:\/\/viljelusvoistlus.ee\/wp-content\/uploads\/2025\/10\/Raido-Allsaar_rukis-1024x681.jpg 1024w, https:\/\/viljelusvoistlus.ee\/wp-content\/uploads\/2025\/10\/Raido-Allsaar_rukis-768x511.jpg 768w, https:\/\/viljelusvoistlus.ee\/wp-content\/uploads\/2025\/10\/Raido-Allsaar_rukis-1536x1022.jpg 1536w, https:\/\/viljelusvoistlus.ee\/wp-content\/uploads\/2025\/10\/Raido-Allsaar_rukis-480x319.jpg 480w, https:\/\/viljelusvoistlus.ee\/wp-content\/uploads\/2025\/10\/Raido-Allsaar_rukis-1000x665.jpg 1000w, https:\/\/viljelusvoistlus.ee\/wp-content\/uploads\/2025\/10\/Raido-Allsaar_rukis-230x153.jpg 230w, https:\/\/viljelusvoistlus.ee\/wp-content\/uploads\/2025\/10\/Raido-Allsaar_rukis-350x233.jpg 350w, https:\/\/viljelusvoistlus.ee\/wp-content\/uploads\/2025\/10\/Raido-Allsaar_rukis-272x182.jpg 272w, https:\/\/viljelusvoistlus.ee\/wp-content\/uploads\/2025\/10\/Raido-Allsaar_rukis.jpg 2048w\" sizes=\"auto, (max-width: 300px) 100vw, 300px\" \/><\/div>\n<div dir=\"auto\">Enno Feldveber Viljandimaalt Suislepa Vili O\u00dcst sordiga &#8216;KWS Jethro&#8217;, 6,1 t\/ha.<\/div>\n<div dir=\"auto\"><img loading=\"lazy\" decoding=\"async\" class=\"alignnone size-medium wp-image-1804\" src=\"https:\/\/viljelusvoistlus.ee\/wp-content\/uploads\/2025\/10\/Enno-Feldveber_rukis-300x200.jpg\" alt=\"\" width=\"300\" height=\"200\" srcset=\"https:\/\/viljelusvoistlus.ee\/wp-content\/uploads\/2025\/10\/Enno-Feldveber_rukis-300x200.jpg 300w, https:\/\/viljelusvoistlus.ee\/wp-content\/uploads\/2025\/10\/Enno-Feldveber_rukis-1024x681.jpg 1024w, https:\/\/viljelusvoistlus.ee\/wp-content\/uploads\/2025\/10\/Enno-Feldveber_rukis-768x511.jpg 768w, https:\/\/viljelusvoistlus.ee\/wp-content\/uploads\/2025\/10\/Enno-Feldveber_rukis-1536x1022.jpg 1536w, https:\/\/viljelusvoistlus.ee\/wp-content\/uploads\/2025\/10\/Enno-Feldveber_rukis-480x319.jpg 480w, https:\/\/viljelusvoistlus.ee\/wp-content\/uploads\/2025\/10\/Enno-Feldveber_rukis-1000x665.jpg 1000w, https:\/\/viljelusvoistlus.ee\/wp-content\/uploads\/2025\/10\/Enno-Feldveber_rukis-230x153.jpg 230w, https:\/\/viljelusvoistlus.ee\/wp-content\/uploads\/2025\/10\/Enno-Feldveber_rukis-350x233.jpg 350w, https:\/\/viljelusvoistlus.ee\/wp-content\/uploads\/2025\/10\/Enno-Feldveber_rukis-272x182.jpg 272w, https:\/\/viljelusvoistlus.ee\/wp-content\/uploads\/2025\/10\/Enno-Feldveber_rukis.jpg 2048w\" sizes=\"auto, (max-width: 300px) 100vw, 300px\" \/><\/div>\n<div dir=\"auto\">Ants-Endel S\u00f5rra Tartumaalt K\u00e4mara-Antsu talust sordiga &#8216;Tayo&#8217;, 5,7 t\/ha.<\/div>\n<div dir=\"auto\"><img loading=\"lazy\" decoding=\"async\" class=\"alignnone size-medium wp-image-1803\" src=\"https:\/\/viljelusvoistlus.ee\/wp-content\/uploads\/2025\/10\/Ants-Endel-Sorra_rukis-300x200.jpg\" alt=\"\" width=\"300\" height=\"200\" srcset=\"https:\/\/viljelusvoistlus.ee\/wp-content\/uploads\/2025\/10\/Ants-Endel-Sorra_rukis-300x200.jpg 300w, https:\/\/viljelusvoistlus.ee\/wp-content\/uploads\/2025\/10\/Ants-Endel-Sorra_rukis-1024x681.jpg 1024w, https:\/\/viljelusvoistlus.ee\/wp-content\/uploads\/2025\/10\/Ants-Endel-Sorra_rukis-768x511.jpg 768w, https:\/\/viljelusvoistlus.ee\/wp-content\/uploads\/2025\/10\/Ants-Endel-Sorra_rukis-1536x1022.jpg 1536w, https:\/\/viljelusvoistlus.ee\/wp-content\/uploads\/2025\/10\/Ants-Endel-Sorra_rukis-480x319.jpg 480w, https:\/\/viljelusvoistlus.ee\/wp-content\/uploads\/2025\/10\/Ants-Endel-Sorra_rukis-1000x665.jpg 1000w, https:\/\/viljelusvoistlus.ee\/wp-content\/uploads\/2025\/10\/Ants-Endel-Sorra_rukis-230x153.jpg 230w, https:\/\/viljelusvoistlus.ee\/wp-content\/uploads\/2025\/10\/Ants-Endel-Sorra_rukis-350x233.jpg 350w, https:\/\/viljelusvoistlus.ee\/wp-content\/uploads\/2025\/10\/Ants-Endel-Sorra_rukis-272x182.jpg 272w, https:\/\/viljelusvoistlus.ee\/wp-content\/uploads\/2025\/10\/Ants-Endel-Sorra_rukis.jpg 2048w\" sizes=\"auto, (max-width: 300px) 100vw, 300px\" \/><\/div>\n<div dir=\"auto\">Annela Kalmus J\u00f5gevamaalt Maaelu Teadmuskeskusest sordiga &#8216;Sangaste&#8217;.<\/div>\n<div dir=\"auto\"><img loading=\"lazy\" decoding=\"async\" class=\"alignnone size-medium wp-image-1802\" src=\"https:\/\/viljelusvoistlus.ee\/wp-content\/uploads\/2025\/10\/Annela-Kalmus-300x200.jpg\" alt=\"\" width=\"300\" height=\"200\" srcset=\"https:\/\/viljelusvoistlus.ee\/wp-content\/uploads\/2025\/10\/Annela-Kalmus-300x200.jpg 300w, https:\/\/viljelusvoistlus.ee\/wp-content\/uploads\/2025\/10\/Annela-Kalmus-1024x681.jpg 1024w, https:\/\/viljelusvoistlus.ee\/wp-content\/uploads\/2025\/10\/Annela-Kalmus-768x511.jpg 768w, https:\/\/viljelusvoistlus.ee\/wp-content\/uploads\/2025\/10\/Annela-Kalmus-1536x1022.jpg 1536w, https:\/\/viljelusvoistlus.ee\/wp-content\/uploads\/2025\/10\/Annela-Kalmus-480x319.jpg 480w, https:\/\/viljelusvoistlus.ee\/wp-content\/uploads\/2025\/10\/Annela-Kalmus-1000x665.jpg 1000w, https:\/\/viljelusvoistlus.ee\/wp-content\/uploads\/2025\/10\/Annela-Kalmus-230x153.jpg 230w, https:\/\/viljelusvoistlus.ee\/wp-content\/uploads\/2025\/10\/Annela-Kalmus-350x233.jpg 350w, https:\/\/viljelusvoistlus.ee\/wp-content\/uploads\/2025\/10\/Annela-Kalmus-272x182.jpg 272w, https:\/\/viljelusvoistlus.ee\/wp-content\/uploads\/2025\/10\/Annela-Kalmus.jpg 2048w\" sizes=\"auto, (max-width: 300px) 100vw, 300px\" \/><\/div>\n<\/div>\n<div class=\"x14z9mp xat24cr x1lziwak x1vvkbs xtlvy1s x126k92a\">\n<div dir=\"auto\"><\/div>\n<div dir=\"auto\">Viljelusv\u00f5istluse senine rukki saagirekord on 12,1 t\/ha Raido Allsaar nimel aastast 2019. See t\u00e4hendab seda, et seekordne parim saak on vaid 69% rekordtulemusest.<\/div>\n<\/div>\n<div class=\"x14z9mp xat24cr x1lziwak x1vvkbs xtlvy1s x126k92a\">\n<div dir=\"auto\">Parim k\u00e4esoleva aasta rukkikasvataja selgub aga saagikuse, saagi kvaliteedi ja tulukuse kokkuv\u00f5ttes ja avalikustatakse l\u00f5pukonverentsil Alatskivil 21. novembril.<\/div>\n<\/div>\n<p>Rohkem fotosid ja infot v\u00f5istlusel osalevatest p\u00f5ldudest on leitav <a href=\"https:\/\/www.facebook.com\/viljelusvoistlus\">Viljelusv\u00f5istluse Facebookist<\/a><\/p>","protected":false},"excerpt":{"rendered":"<p>Rukki p\u00f5lde j\u00f5udis l\u00f5pptabelisse viis. Nendest neli h\u00fcbriid ja \u00fcks Sangaste. Keskmine h\u00fcbriidide saak oli 7,0 t\/ha, mis on hea tulemus, kuid eelnevate aastate stabiilselt \u00fcle 10 tonniseid saake seekord ei tulnud. Andrus Lund Raplamaalt sordiga &#8216;KWS Jethro&#8217;, 8,4 t\/ha. Raido Allsaar J\u00e4rvamaalt M\u00e4gede O\u00dcst sordiga &#8216;KWS Jethro&#8217;, 7,7 t\/ha. Enno Feldveber Viljandimaalt Suislepa Vili [&hellip;]<\/p>\n","protected":false},"author":9,"featured_media":0,"comment_status":"closed","ping_status":"open","sticky":false,"template":"","format":"standard","meta":{"two_page_speed":[],"footnotes":""},"categories":[1],"tags":[],"class_list":["post-1799","post","type-post","status-publish","format-standard","hentry","category-maaratlemata"],"_links":{"self":[{"href":"https:\/\/viljelusvoistlus.ee\/en\/wp-json\/wp\/v2\/posts\/1799","targetHints":{"allow":["GET"]}}],"collection":[{"href":"https:\/\/viljelusvoistlus.ee\/en\/wp-json\/wp\/v2\/posts"}],"about":[{"href":"https:\/\/viljelusvoistlus.ee\/en\/wp-json\/wp\/v2\/types\/post"}],"author":[{"embeddable":true,"href":"https:\/\/viljelusvoistlus.ee\/en\/wp-json\/wp\/v2\/users\/9"}],"replies":[{"embeddable":true,"href":"https:\/\/viljelusvoistlus.ee\/en\/wp-json\/wp\/v2\/comments?post=1799"}],"version-history":[{"count":3,"href":"https:\/\/viljelusvoistlus.ee\/en\/wp-json\/wp\/v2\/posts\/1799\/revisions"}],"predecessor-version":[{"id":1844,"href":"https:\/\/viljelusvoistlus.ee\/en\/wp-json\/wp\/v2\/posts\/1799\/revisions\/1844"}],"wp:attachment":[{"href":"https:\/\/viljelusvoistlus.ee\/en\/wp-json\/wp\/v2\/media?parent=1799"}],"wp:term":[{"taxonomy":"category","embeddable":true,"href":"https:\/\/viljelusvoistlus.ee\/en\/wp-json\/wp\/v2\/categories?post=1799"},{"taxonomy":"post_tag","embeddable":true,"href":"https:\/\/viljelusvoistlus.ee\/en\/wp-json\/wp\/v2\/tags?post=1799"}],"curies":[{"name":"wp","href":"https:\/\/api.w.org\/{rel}","templated":true}]}}