{"id":1792,"date":"2025-10-15T10:27:25","date_gmt":"2025-10-15T07:27:25","guid":{"rendered":"https:\/\/viljelusvoistlus.ee\/?p=1792"},"modified":"2025-10-15T10:27:25","modified_gmt":"2025-10-15T07:27:25","slug":"voistluspollud-2025-kaer","status":"publish","type":"post","link":"https:\/\/viljelusvoistlus.ee\/en\/2025\/10\/15\/voistluspollud-2025-kaer\/","title":{"rendered":"Competition fields 2025 - oats"},"content":{"rendered":"<p>Kaera p\u00f5ldusid oli viljelusv\u00f5istlusel neli, neist kolm tavakaerad keskmise saagiga 6,1 t\/ha ja \u00fcks mahekaer.<\/p>\n<p>Selle aasta parimad kaerad moodustasid 76% viljelusv\u00f5istluse kaera rekordsaagist 8,6 t\/ha, mis on Ahti Nurm nimel aastast 2022.<\/p>\n<p>&nbsp;<\/p>\n<div dir=\"auto\">Ly Nurm Valgamaalt Frago O\u00dcst sordiga &#8216;Apollon&#8217;, 6,5 t\/ha.<\/div>\n<div dir=\"auto\"><img loading=\"lazy\" decoding=\"async\" class=\"alignnone size-medium wp-image-1797\" src=\"https:\/\/viljelusvoistlus.ee\/wp-content\/uploads\/2025\/10\/Ly-Nurm-300x200.jpg\" alt=\"\" width=\"300\" height=\"200\" srcset=\"https:\/\/viljelusvoistlus.ee\/wp-content\/uploads\/2025\/10\/Ly-Nurm-300x200.jpg 300w, https:\/\/viljelusvoistlus.ee\/wp-content\/uploads\/2025\/10\/Ly-Nurm-1024x681.jpg 1024w, https:\/\/viljelusvoistlus.ee\/wp-content\/uploads\/2025\/10\/Ly-Nurm-768x511.jpg 768w, https:\/\/viljelusvoistlus.ee\/wp-content\/uploads\/2025\/10\/Ly-Nurm-1536x1022.jpg 1536w, https:\/\/viljelusvoistlus.ee\/wp-content\/uploads\/2025\/10\/Ly-Nurm-480x319.jpg 480w, https:\/\/viljelusvoistlus.ee\/wp-content\/uploads\/2025\/10\/Ly-Nurm-1000x665.jpg 1000w, https:\/\/viljelusvoistlus.ee\/wp-content\/uploads\/2025\/10\/Ly-Nurm-230x153.jpg 230w, https:\/\/viljelusvoistlus.ee\/wp-content\/uploads\/2025\/10\/Ly-Nurm-350x233.jpg 350w, https:\/\/viljelusvoistlus.ee\/wp-content\/uploads\/2025\/10\/Ly-Nurm-272x182.jpg 272w, https:\/\/viljelusvoistlus.ee\/wp-content\/uploads\/2025\/10\/Ly-Nurm.jpg 2048w\" sizes=\"auto, (max-width: 300px) 100vw, 300px\" \/><\/div>\n<div dir=\"auto\">Ants-Endel S\u00f5rra Tartumaalt K\u00e4mara-Antsu talust sordiga &#8216;Caddy&#8217;, 6,5 t\/ha.<\/div>\n<div dir=\"auto\"><img loading=\"lazy\" decoding=\"async\" class=\"alignnone size-medium wp-image-1795\" src=\"https:\/\/viljelusvoistlus.ee\/wp-content\/uploads\/2025\/10\/Ants-Endel-Sorra_kaer-300x200.jpg\" alt=\"\" width=\"300\" height=\"200\" srcset=\"https:\/\/viljelusvoistlus.ee\/wp-content\/uploads\/2025\/10\/Ants-Endel-Sorra_kaer-300x200.jpg 300w, https:\/\/viljelusvoistlus.ee\/wp-content\/uploads\/2025\/10\/Ants-Endel-Sorra_kaer-1024x681.jpg 1024w, https:\/\/viljelusvoistlus.ee\/wp-content\/uploads\/2025\/10\/Ants-Endel-Sorra_kaer-768x511.jpg 768w, https:\/\/viljelusvoistlus.ee\/wp-content\/uploads\/2025\/10\/Ants-Endel-Sorra_kaer-1536x1022.jpg 1536w, https:\/\/viljelusvoistlus.ee\/wp-content\/uploads\/2025\/10\/Ants-Endel-Sorra_kaer-480x319.jpg 480w, https:\/\/viljelusvoistlus.ee\/wp-content\/uploads\/2025\/10\/Ants-Endel-Sorra_kaer-1000x665.jpg 1000w, https:\/\/viljelusvoistlus.ee\/wp-content\/uploads\/2025\/10\/Ants-Endel-Sorra_kaer-230x153.jpg 230w, https:\/\/viljelusvoistlus.ee\/wp-content\/uploads\/2025\/10\/Ants-Endel-Sorra_kaer-350x233.jpg 350w, https:\/\/viljelusvoistlus.ee\/wp-content\/uploads\/2025\/10\/Ants-Endel-Sorra_kaer-272x182.jpg 272w, https:\/\/viljelusvoistlus.ee\/wp-content\/uploads\/2025\/10\/Ants-Endel-Sorra_kaer.jpg 2048w\" sizes=\"auto, (max-width: 300px) 100vw, 300px\" \/><\/div>\n<div dir=\"auto\">Ahti Nurm Valgamaalt Puide talust sordiga &#8216;Lion&#8217;, 5,2 t\/ha.<\/div>\n<div dir=\"auto\"><img loading=\"lazy\" decoding=\"async\" class=\"alignnone size-medium wp-image-1794\" src=\"https:\/\/viljelusvoistlus.ee\/wp-content\/uploads\/2025\/10\/Ahti-Nurm_kaer-300x200.jpg\" alt=\"\" width=\"300\" height=\"200\" srcset=\"https:\/\/viljelusvoistlus.ee\/wp-content\/uploads\/2025\/10\/Ahti-Nurm_kaer-300x200.jpg 300w, https:\/\/viljelusvoistlus.ee\/wp-content\/uploads\/2025\/10\/Ahti-Nurm_kaer-1024x681.jpg 1024w, https:\/\/viljelusvoistlus.ee\/wp-content\/uploads\/2025\/10\/Ahti-Nurm_kaer-768x511.jpg 768w, https:\/\/viljelusvoistlus.ee\/wp-content\/uploads\/2025\/10\/Ahti-Nurm_kaer-1536x1022.jpg 1536w, https:\/\/viljelusvoistlus.ee\/wp-content\/uploads\/2025\/10\/Ahti-Nurm_kaer-480x319.jpg 480w, https:\/\/viljelusvoistlus.ee\/wp-content\/uploads\/2025\/10\/Ahti-Nurm_kaer-1000x665.jpg 1000w, https:\/\/viljelusvoistlus.ee\/wp-content\/uploads\/2025\/10\/Ahti-Nurm_kaer-230x153.jpg 230w, https:\/\/viljelusvoistlus.ee\/wp-content\/uploads\/2025\/10\/Ahti-Nurm_kaer-350x233.jpg 350w, https:\/\/viljelusvoistlus.ee\/wp-content\/uploads\/2025\/10\/Ahti-Nurm_kaer-272x182.jpg 272w, https:\/\/viljelusvoistlus.ee\/wp-content\/uploads\/2025\/10\/Ahti-Nurm_kaer.jpg 2048w\" sizes=\"auto, (max-width: 300px) 100vw, 300px\" \/><\/div>\n<div dir=\"auto\">Ino Kurg Raplamaalt Raudsepa Lihaveis O\u00dcst sordiga &#8216;Kalle&#8217;, mahe 1,6 t\/ha.<\/div>\n<div dir=\"auto\"><img loading=\"lazy\" decoding=\"async\" class=\"alignnone size-medium wp-image-1796\" src=\"https:\/\/viljelusvoistlus.ee\/wp-content\/uploads\/2025\/10\/Ino-Kurg-300x200.jpg\" alt=\"\" width=\"300\" height=\"200\" srcset=\"https:\/\/viljelusvoistlus.ee\/wp-content\/uploads\/2025\/10\/Ino-Kurg-300x200.jpg 300w, https:\/\/viljelusvoistlus.ee\/wp-content\/uploads\/2025\/10\/Ino-Kurg-1024x681.jpg 1024w, https:\/\/viljelusvoistlus.ee\/wp-content\/uploads\/2025\/10\/Ino-Kurg-768x511.jpg 768w, https:\/\/viljelusvoistlus.ee\/wp-content\/uploads\/2025\/10\/Ino-Kurg-1536x1022.jpg 1536w, https:\/\/viljelusvoistlus.ee\/wp-content\/uploads\/2025\/10\/Ino-Kurg-480x319.jpg 480w, https:\/\/viljelusvoistlus.ee\/wp-content\/uploads\/2025\/10\/Ino-Kurg-1000x665.jpg 1000w, https:\/\/viljelusvoistlus.ee\/wp-content\/uploads\/2025\/10\/Ino-Kurg-230x153.jpg 230w, https:\/\/viljelusvoistlus.ee\/wp-content\/uploads\/2025\/10\/Ino-Kurg-350x233.jpg 350w, https:\/\/viljelusvoistlus.ee\/wp-content\/uploads\/2025\/10\/Ino-Kurg-272x182.jpg 272w, https:\/\/viljelusvoistlus.ee\/wp-content\/uploads\/2025\/10\/Ino-Kurg.jpg 2048w\" sizes=\"auto, (max-width: 300px) 100vw, 300px\" \/><\/div>\n<p>Parim k\u00e4esoleva aasta kaerakasvataja selgub aga saagikuse, saagi kvaliteedi ja tulukuse kokkuv\u00f5ttes ja avalikustatakse l\u00f5pukonverentsil Alatskivil 21. novembril.<\/p>\n<p>Rohkem fotosid ja infot v\u00f5istlusel osalevatest p\u00f5ldudest on leitav <a href=\"https:\/\/www.facebook.com\/viljelusvoistlus\">Viljelusv\u00f5istluse Facebookist<\/a><\/p>","protected":false},"excerpt":{"rendered":"<p>Kaera p\u00f5ldusid oli viljelusv\u00f5istlusel neli, neist kolm tavakaerad keskmise saagiga 6,1 t\/ha ja \u00fcks mahekaer. Selle aasta parimad kaerad moodustasid 76% viljelusv\u00f5istluse kaera rekordsaagist 8,6 t\/ha, mis on Ahti Nurm nimel aastast 2022. &nbsp; Ly Nurm Valgamaalt Frago O\u00dcst sordiga &#8216;Apollon&#8217;, 6,5 t\/ha. Ants-Endel S\u00f5rra Tartumaalt K\u00e4mara-Antsu talust sordiga &#8216;Caddy&#8217;, 6,5 t\/ha. Ahti Nurm Valgamaalt [&hellip;]<\/p>\n","protected":false},"author":9,"featured_media":0,"comment_status":"closed","ping_status":"open","sticky":false,"template":"","format":"standard","meta":{"two_page_speed":[],"footnotes":""},"categories":[1],"tags":[],"class_list":["post-1792","post","type-post","status-publish","format-standard","hentry","category-maaratlemata"],"_links":{"self":[{"href":"https:\/\/viljelusvoistlus.ee\/en\/wp-json\/wp\/v2\/posts\/1792","targetHints":{"allow":["GET"]}}],"collection":[{"href":"https:\/\/viljelusvoistlus.ee\/en\/wp-json\/wp\/v2\/posts"}],"about":[{"href":"https:\/\/viljelusvoistlus.ee\/en\/wp-json\/wp\/v2\/types\/post"}],"author":[{"embeddable":true,"href":"https:\/\/viljelusvoistlus.ee\/en\/wp-json\/wp\/v2\/users\/9"}],"replies":[{"embeddable":true,"href":"https:\/\/viljelusvoistlus.ee\/en\/wp-json\/wp\/v2\/comments?post=1792"}],"version-history":[{"count":4,"href":"https:\/\/viljelusvoistlus.ee\/en\/wp-json\/wp\/v2\/posts\/1792\/revisions"}],"predecessor-version":[{"id":1841,"href":"https:\/\/viljelusvoistlus.ee\/en\/wp-json\/wp\/v2\/posts\/1792\/revisions\/1841"}],"wp:attachment":[{"href":"https:\/\/viljelusvoistlus.ee\/en\/wp-json\/wp\/v2\/media?parent=1792"}],"wp:term":[{"taxonomy":"category","embeddable":true,"href":"https:\/\/viljelusvoistlus.ee\/en\/wp-json\/wp\/v2\/categories?post=1792"},{"taxonomy":"post_tag","embeddable":true,"href":"https:\/\/viljelusvoistlus.ee\/en\/wp-json\/wp\/v2\/tags?post=1792"}],"curies":[{"name":"wp","href":"https:\/\/api.w.org\/{rel}","templated":true}]}}