{"id":1762,"date":"2025-10-13T16:56:55","date_gmt":"2025-10-13T13:56:55","guid":{"rendered":"https:\/\/viljelusvoistlus.ee\/?p=1762"},"modified":"2025-10-15T10:28:01","modified_gmt":"2025-10-15T07:28:01","slug":"voistluspollud-2025-talioder","status":"publish","type":"post","link":"https:\/\/viljelusvoistlus.ee\/en\/2025\/10\/13\/voistluspollud-2025-talioder\/","title":{"rendered":"V\u00f5istlusp\u00f5llud 2025 &#8211; talioder"},"content":{"rendered":"<div dir=\"auto\">Talioder oli saagikuselt k\u00f5ige v\u00e4hem liigsetest sademetest kannatanud. Keskmiseks \u00fcheksa p\u00f5llu saagiks j\u00e4i 8,3 t\/ha.<\/div>\n<div dir=\"auto\">Saadi ka \u00fcle k\u00fcmne tonniseid saake ja parim tulemus oli kaunis l\u00e4hedane &#8211; 92% senisele viljelusv\u00f5istluse rekordtulemusele, mis on 12,0 t\/ha ning juba k\u00fcmme aastat Aivar Treibergi nimel.<\/div>\n<p>Villem Rehkalt L\u00e4\u00e4nemaalt Ohtla P\u00f5ld O\u00dcst sordiga &#8216;Kosmos&#8217;, 11,0 t\/ha.<br \/>\n<img loading=\"lazy\" decoding=\"async\" class=\"alignnone size-medium wp-image-1772\" src=\"https:\/\/viljelusvoistlus.ee\/wp-content\/uploads\/2025\/10\/Villem-Rehkalt-300x200.jpg\" alt=\"\" width=\"300\" height=\"200\" srcset=\"https:\/\/viljelusvoistlus.ee\/wp-content\/uploads\/2025\/10\/Villem-Rehkalt-300x200.jpg 300w, https:\/\/viljelusvoistlus.ee\/wp-content\/uploads\/2025\/10\/Villem-Rehkalt-1024x681.jpg 1024w, https:\/\/viljelusvoistlus.ee\/wp-content\/uploads\/2025\/10\/Villem-Rehkalt-768x511.jpg 768w, https:\/\/viljelusvoistlus.ee\/wp-content\/uploads\/2025\/10\/Villem-Rehkalt-1536x1022.jpg 1536w, https:\/\/viljelusvoistlus.ee\/wp-content\/uploads\/2025\/10\/Villem-Rehkalt-480x319.jpg 480w, https:\/\/viljelusvoistlus.ee\/wp-content\/uploads\/2025\/10\/Villem-Rehkalt-1000x665.jpg 1000w, https:\/\/viljelusvoistlus.ee\/wp-content\/uploads\/2025\/10\/Villem-Rehkalt-230x153.jpg 230w, https:\/\/viljelusvoistlus.ee\/wp-content\/uploads\/2025\/10\/Villem-Rehkalt-350x233.jpg 350w, https:\/\/viljelusvoistlus.ee\/wp-content\/uploads\/2025\/10\/Villem-Rehkalt-272x182.jpg 272w, https:\/\/viljelusvoistlus.ee\/wp-content\/uploads\/2025\/10\/Villem-Rehkalt.jpg 2048w\" sizes=\"auto, (max-width: 300px) 100vw, 300px\" \/><\/p>\n<p>Annika Isand P\u00e4rnumaalt Halinga O\u00dcst sordiga &#8216;Jakubus&#8217;, 10,2 t\/ha.<br \/>\n<img loading=\"lazy\" decoding=\"async\" class=\"alignnone size-medium wp-image-1764\" src=\"https:\/\/viljelusvoistlus.ee\/wp-content\/uploads\/2025\/10\/Annika-Isand-300x200.jpg\" alt=\"\" width=\"300\" height=\"200\" srcset=\"https:\/\/viljelusvoistlus.ee\/wp-content\/uploads\/2025\/10\/Annika-Isand-300x200.jpg 300w, https:\/\/viljelusvoistlus.ee\/wp-content\/uploads\/2025\/10\/Annika-Isand-1024x681.jpg 1024w, https:\/\/viljelusvoistlus.ee\/wp-content\/uploads\/2025\/10\/Annika-Isand-768x511.jpg 768w, https:\/\/viljelusvoistlus.ee\/wp-content\/uploads\/2025\/10\/Annika-Isand-1536x1022.jpg 1536w, https:\/\/viljelusvoistlus.ee\/wp-content\/uploads\/2025\/10\/Annika-Isand-480x319.jpg 480w, https:\/\/viljelusvoistlus.ee\/wp-content\/uploads\/2025\/10\/Annika-Isand-1000x665.jpg 1000w, https:\/\/viljelusvoistlus.ee\/wp-content\/uploads\/2025\/10\/Annika-Isand-230x153.jpg 230w, https:\/\/viljelusvoistlus.ee\/wp-content\/uploads\/2025\/10\/Annika-Isand-350x233.jpg 350w, https:\/\/viljelusvoistlus.ee\/wp-content\/uploads\/2025\/10\/Annika-Isand-272x182.jpg 272w, https:\/\/viljelusvoistlus.ee\/wp-content\/uploads\/2025\/10\/Annika-Isand.jpg 2048w\" sizes=\"auto, (max-width: 300px) 100vw, 300px\" \/><\/p>\n<p>Anu Riisalu J\u00e4rvamaalt V\u00e4\u00e4tsa ASist sordiga &#8216;Jakubus&#8217;, 8,3 t\/ha.<br \/>\n<img loading=\"lazy\" decoding=\"async\" class=\"alignnone size-medium wp-image-1766\" src=\"https:\/\/viljelusvoistlus.ee\/wp-content\/uploads\/2025\/10\/Anu-Riisalu-300x200.jpg\" alt=\"\" width=\"300\" height=\"200\" srcset=\"https:\/\/viljelusvoistlus.ee\/wp-content\/uploads\/2025\/10\/Anu-Riisalu-300x200.jpg 300w, https:\/\/viljelusvoistlus.ee\/wp-content\/uploads\/2025\/10\/Anu-Riisalu-1024x681.jpg 1024w, https:\/\/viljelusvoistlus.ee\/wp-content\/uploads\/2025\/10\/Anu-Riisalu-768x511.jpg 768w, https:\/\/viljelusvoistlus.ee\/wp-content\/uploads\/2025\/10\/Anu-Riisalu-1536x1022.jpg 1536w, https:\/\/viljelusvoistlus.ee\/wp-content\/uploads\/2025\/10\/Anu-Riisalu-480x319.jpg 480w, https:\/\/viljelusvoistlus.ee\/wp-content\/uploads\/2025\/10\/Anu-Riisalu-1000x665.jpg 1000w, https:\/\/viljelusvoistlus.ee\/wp-content\/uploads\/2025\/10\/Anu-Riisalu-230x153.jpg 230w, https:\/\/viljelusvoistlus.ee\/wp-content\/uploads\/2025\/10\/Anu-Riisalu-350x233.jpg 350w, https:\/\/viljelusvoistlus.ee\/wp-content\/uploads\/2025\/10\/Anu-Riisalu-272x182.jpg 272w, https:\/\/viljelusvoistlus.ee\/wp-content\/uploads\/2025\/10\/Anu-Riisalu.jpg 2048w\" sizes=\"auto, (max-width: 300px) 100vw, 300px\" \/><\/p>\n<p>Tanel T\u00f5rvand J\u00f5gevamaalt Vitsj\u00e4rve P\u00f5ldur O\u00dcst sordiga &#8216;Kosmos&#8217;, 8,1 t\/ha.<br \/>\n<img loading=\"lazy\" decoding=\"async\" class=\"alignnone size-medium wp-image-1770\" src=\"https:\/\/viljelusvoistlus.ee\/wp-content\/uploads\/2025\/10\/Tanel-Torvand-300x200.jpg\" alt=\"\" width=\"300\" height=\"200\" srcset=\"https:\/\/viljelusvoistlus.ee\/wp-content\/uploads\/2025\/10\/Tanel-Torvand-300x200.jpg 300w, https:\/\/viljelusvoistlus.ee\/wp-content\/uploads\/2025\/10\/Tanel-Torvand-1024x681.jpg 1024w, https:\/\/viljelusvoistlus.ee\/wp-content\/uploads\/2025\/10\/Tanel-Torvand-768x511.jpg 768w, https:\/\/viljelusvoistlus.ee\/wp-content\/uploads\/2025\/10\/Tanel-Torvand-1536x1022.jpg 1536w, https:\/\/viljelusvoistlus.ee\/wp-content\/uploads\/2025\/10\/Tanel-Torvand-480x319.jpg 480w, https:\/\/viljelusvoistlus.ee\/wp-content\/uploads\/2025\/10\/Tanel-Torvand-1000x665.jpg 1000w, https:\/\/viljelusvoistlus.ee\/wp-content\/uploads\/2025\/10\/Tanel-Torvand-230x153.jpg 230w, https:\/\/viljelusvoistlus.ee\/wp-content\/uploads\/2025\/10\/Tanel-Torvand-350x233.jpg 350w, https:\/\/viljelusvoistlus.ee\/wp-content\/uploads\/2025\/10\/Tanel-Torvand-272x182.jpg 272w, https:\/\/viljelusvoistlus.ee\/wp-content\/uploads\/2025\/10\/Tanel-Torvand.jpg 2048w\" sizes=\"auto, (max-width: 300px) 100vw, 300px\" \/><\/p>\n<p>Karl Joosep Nukk L\u00e4\u00e4ne-Virumaalt Kadapiku Agro O\u00dcst sordiga &#8216;Frigg&#8217;, 7,9 t\/ha.<br \/>\n<img loading=\"lazy\" decoding=\"async\" class=\"alignnone size-medium wp-image-1768\" src=\"https:\/\/viljelusvoistlus.ee\/wp-content\/uploads\/2025\/10\/Karl-Joosep-Nukk-300x200.jpg\" alt=\"\" width=\"300\" height=\"200\" srcset=\"https:\/\/viljelusvoistlus.ee\/wp-content\/uploads\/2025\/10\/Karl-Joosep-Nukk-300x200.jpg 300w, https:\/\/viljelusvoistlus.ee\/wp-content\/uploads\/2025\/10\/Karl-Joosep-Nukk-1024x681.jpg 1024w, https:\/\/viljelusvoistlus.ee\/wp-content\/uploads\/2025\/10\/Karl-Joosep-Nukk-768x511.jpg 768w, https:\/\/viljelusvoistlus.ee\/wp-content\/uploads\/2025\/10\/Karl-Joosep-Nukk-1536x1022.jpg 1536w, https:\/\/viljelusvoistlus.ee\/wp-content\/uploads\/2025\/10\/Karl-Joosep-Nukk-480x319.jpg 480w, https:\/\/viljelusvoistlus.ee\/wp-content\/uploads\/2025\/10\/Karl-Joosep-Nukk-1000x665.jpg 1000w, https:\/\/viljelusvoistlus.ee\/wp-content\/uploads\/2025\/10\/Karl-Joosep-Nukk-230x153.jpg 230w, https:\/\/viljelusvoistlus.ee\/wp-content\/uploads\/2025\/10\/Karl-Joosep-Nukk-350x233.jpg 350w, https:\/\/viljelusvoistlus.ee\/wp-content\/uploads\/2025\/10\/Karl-Joosep-Nukk-272x182.jpg 272w, https:\/\/viljelusvoistlus.ee\/wp-content\/uploads\/2025\/10\/Karl-Joosep-Nukk.jpg 2048w\" sizes=\"auto, (max-width: 300px) 100vw, 300px\" \/><\/p>\n<p>Vardo Lund L\u00e4\u00e4ne-Virumaalt Avispeamees O\u00dcst sordiga &#8216;Kosmos&#8217;, 7,8 t\/ha.<br \/>\n<img loading=\"lazy\" decoding=\"async\" class=\"alignnone size-medium wp-image-1771\" src=\"https:\/\/viljelusvoistlus.ee\/wp-content\/uploads\/2025\/10\/Vardo-Lund_talioder-300x200.jpg\" alt=\"\" width=\"300\" height=\"200\" srcset=\"https:\/\/viljelusvoistlus.ee\/wp-content\/uploads\/2025\/10\/Vardo-Lund_talioder-300x200.jpg 300w, https:\/\/viljelusvoistlus.ee\/wp-content\/uploads\/2025\/10\/Vardo-Lund_talioder-1024x681.jpg 1024w, https:\/\/viljelusvoistlus.ee\/wp-content\/uploads\/2025\/10\/Vardo-Lund_talioder-768x511.jpg 768w, https:\/\/viljelusvoistlus.ee\/wp-content\/uploads\/2025\/10\/Vardo-Lund_talioder-1536x1022.jpg 1536w, https:\/\/viljelusvoistlus.ee\/wp-content\/uploads\/2025\/10\/Vardo-Lund_talioder-480x319.jpg 480w, https:\/\/viljelusvoistlus.ee\/wp-content\/uploads\/2025\/10\/Vardo-Lund_talioder-1000x665.jpg 1000w, https:\/\/viljelusvoistlus.ee\/wp-content\/uploads\/2025\/10\/Vardo-Lund_talioder-230x153.jpg 230w, https:\/\/viljelusvoistlus.ee\/wp-content\/uploads\/2025\/10\/Vardo-Lund_talioder-350x233.jpg 350w, https:\/\/viljelusvoistlus.ee\/wp-content\/uploads\/2025\/10\/Vardo-Lund_talioder-272x182.jpg 272w, https:\/\/viljelusvoistlus.ee\/wp-content\/uploads\/2025\/10\/Vardo-Lund_talioder.jpg 2048w\" sizes=\"auto, (max-width: 300px) 100vw, 300px\" \/><\/p>\n<p>Edith Saks P\u00f5lvamaalt Krootuse Agro ASist sordiga &#8216;Wallace&#8217;, 7,6 t\/ha.<br \/>\n<img loading=\"lazy\" decoding=\"async\" class=\"alignnone size-medium wp-image-1767\" src=\"https:\/\/viljelusvoistlus.ee\/wp-content\/uploads\/2025\/10\/Edith-Saks-300x200.jpg\" alt=\"\" width=\"300\" height=\"200\" srcset=\"https:\/\/viljelusvoistlus.ee\/wp-content\/uploads\/2025\/10\/Edith-Saks-300x200.jpg 300w, https:\/\/viljelusvoistlus.ee\/wp-content\/uploads\/2025\/10\/Edith-Saks-1024x681.jpg 1024w, https:\/\/viljelusvoistlus.ee\/wp-content\/uploads\/2025\/10\/Edith-Saks-768x511.jpg 768w, https:\/\/viljelusvoistlus.ee\/wp-content\/uploads\/2025\/10\/Edith-Saks-1536x1022.jpg 1536w, https:\/\/viljelusvoistlus.ee\/wp-content\/uploads\/2025\/10\/Edith-Saks-480x319.jpg 480w, https:\/\/viljelusvoistlus.ee\/wp-content\/uploads\/2025\/10\/Edith-Saks-1000x665.jpg 1000w, https:\/\/viljelusvoistlus.ee\/wp-content\/uploads\/2025\/10\/Edith-Saks-230x153.jpg 230w, https:\/\/viljelusvoistlus.ee\/wp-content\/uploads\/2025\/10\/Edith-Saks-350x233.jpg 350w, https:\/\/viljelusvoistlus.ee\/wp-content\/uploads\/2025\/10\/Edith-Saks-272x182.jpg 272w, https:\/\/viljelusvoistlus.ee\/wp-content\/uploads\/2025\/10\/Edith-Saks.jpg 2048w\" sizes=\"auto, (max-width: 300px) 100vw, 300px\" \/><\/p>\n<p>Margus Klais Tartumaalt R\u00e4msi Agrost sordiga &#8216;Wallace&#8217;, 7,0 t\/ha.<br \/>\n<img loading=\"lazy\" decoding=\"async\" class=\"alignnone size-medium wp-image-1769\" src=\"https:\/\/viljelusvoistlus.ee\/wp-content\/uploads\/2025\/10\/Margus-Klais-300x200.jpg\" alt=\"\" width=\"300\" height=\"200\" srcset=\"https:\/\/viljelusvoistlus.ee\/wp-content\/uploads\/2025\/10\/Margus-Klais-300x200.jpg 300w, https:\/\/viljelusvoistlus.ee\/wp-content\/uploads\/2025\/10\/Margus-Klais-1024x681.jpg 1024w, https:\/\/viljelusvoistlus.ee\/wp-content\/uploads\/2025\/10\/Margus-Klais-768x511.jpg 768w, https:\/\/viljelusvoistlus.ee\/wp-content\/uploads\/2025\/10\/Margus-Klais-1536x1022.jpg 1536w, https:\/\/viljelusvoistlus.ee\/wp-content\/uploads\/2025\/10\/Margus-Klais-480x319.jpg 480w, https:\/\/viljelusvoistlus.ee\/wp-content\/uploads\/2025\/10\/Margus-Klais-1000x665.jpg 1000w, https:\/\/viljelusvoistlus.ee\/wp-content\/uploads\/2025\/10\/Margus-Klais-230x153.jpg 230w, https:\/\/viljelusvoistlus.ee\/wp-content\/uploads\/2025\/10\/Margus-Klais-350x233.jpg 350w, https:\/\/viljelusvoistlus.ee\/wp-content\/uploads\/2025\/10\/Margus-Klais-272x182.jpg 272w, https:\/\/viljelusvoistlus.ee\/wp-content\/uploads\/2025\/10\/Margus-Klais.jpg 2048w\" sizes=\"auto, (max-width: 300px) 100vw, 300px\" \/><\/p>\n<p>Ants-Endel S\u00f5rra (fotol paremal) Tartumaalt K\u00e4mara-Antsu talust sordiga &#8216;Maliboo&#8217;, 7,0 t\/ha.<br \/>\n<img loading=\"lazy\" decoding=\"async\" class=\"alignnone size-medium wp-image-1765\" src=\"https:\/\/viljelusvoistlus.ee\/wp-content\/uploads\/2025\/10\/Ants-Endel-Sorra_paremal-300x200.jpg\" alt=\"\" width=\"300\" height=\"200\" srcset=\"https:\/\/viljelusvoistlus.ee\/wp-content\/uploads\/2025\/10\/Ants-Endel-Sorra_paremal-300x200.jpg 300w, https:\/\/viljelusvoistlus.ee\/wp-content\/uploads\/2025\/10\/Ants-Endel-Sorra_paremal-1024x681.jpg 1024w, https:\/\/viljelusvoistlus.ee\/wp-content\/uploads\/2025\/10\/Ants-Endel-Sorra_paremal-768x511.jpg 768w, https:\/\/viljelusvoistlus.ee\/wp-content\/uploads\/2025\/10\/Ants-Endel-Sorra_paremal-1536x1022.jpg 1536w, https:\/\/viljelusvoistlus.ee\/wp-content\/uploads\/2025\/10\/Ants-Endel-Sorra_paremal-480x319.jpg 480w, https:\/\/viljelusvoistlus.ee\/wp-content\/uploads\/2025\/10\/Ants-Endel-Sorra_paremal-1000x665.jpg 1000w, https:\/\/viljelusvoistlus.ee\/wp-content\/uploads\/2025\/10\/Ants-Endel-Sorra_paremal-230x153.jpg 230w, https:\/\/viljelusvoistlus.ee\/wp-content\/uploads\/2025\/10\/Ants-Endel-Sorra_paremal-350x233.jpg 350w, https:\/\/viljelusvoistlus.ee\/wp-content\/uploads\/2025\/10\/Ants-Endel-Sorra_paremal-272x182.jpg 272w, https:\/\/viljelusvoistlus.ee\/wp-content\/uploads\/2025\/10\/Ants-Endel-Sorra_paremal.jpg 2048w\" sizes=\"auto, (max-width: 300px) 100vw, 300px\" \/><\/p>\n<p>Kvaliteet oli ka taliotradel probleemiks, eelk\u00f5ige mahukaal. Parim k\u00e4esoleva aasta taliodra kasvataja selgub aga saagikuse, saagi kvaliteedi ja tulukuse kokkuv\u00f5ttes ja avalikustatakse l\u00f5pukonverentsil Alatskivil 21. novembril.<\/p>\n<p>Rohkem fotosid ja infot v\u00f5istlusel osalevatest p\u00f5ldudest on leitav <a href=\"https:\/\/www.facebook.com\/viljelusvoistlus\">Viljelusv\u00f5istluse Facebookist<\/a><\/p>","protected":false},"excerpt":{"rendered":"<p>Talioder oli saagikuselt k\u00f5ige v\u00e4hem liigsetest sademetest kannatanud. Keskmiseks \u00fcheksa p\u00f5llu saagiks j\u00e4i 8,3 t\/ha. Saadi ka \u00fcle k\u00fcmne tonniseid saake ja parim tulemus oli kaunis l\u00e4hedane &#8211; 92% senisele viljelusv\u00f5istluse rekordtulemusele, mis on 12,0 t\/ha ning juba k\u00fcmme aastat Aivar Treibergi nimel. Villem Rehkalt L\u00e4\u00e4nemaalt Ohtla P\u00f5ld O\u00dcst sordiga &#8216;Kosmos&#8217;, 11,0 t\/ha. Annika Isand [&hellip;]<\/p>\n","protected":false},"author":9,"featured_media":0,"comment_status":"closed","ping_status":"open","sticky":false,"template":"","format":"standard","meta":{"two_page_speed":[],"footnotes":""},"categories":[1],"tags":[],"class_list":["post-1762","post","type-post","status-publish","format-standard","hentry","category-maaratlemata"],"_links":{"self":[{"href":"https:\/\/viljelusvoistlus.ee\/en\/wp-json\/wp\/v2\/posts\/1762","targetHints":{"allow":["GET"]}}],"collection":[{"href":"https:\/\/viljelusvoistlus.ee\/en\/wp-json\/wp\/v2\/posts"}],"about":[{"href":"https:\/\/viljelusvoistlus.ee\/en\/wp-json\/wp\/v2\/types\/post"}],"author":[{"embeddable":true,"href":"https:\/\/viljelusvoistlus.ee\/en\/wp-json\/wp\/v2\/users\/9"}],"replies":[{"embeddable":true,"href":"https:\/\/viljelusvoistlus.ee\/en\/wp-json\/wp\/v2\/comments?post=1762"}],"version-history":[{"count":4,"href":"https:\/\/viljelusvoistlus.ee\/en\/wp-json\/wp\/v2\/posts\/1762\/revisions"}],"predecessor-version":[{"id":1843,"href":"https:\/\/viljelusvoistlus.ee\/en\/wp-json\/wp\/v2\/posts\/1762\/revisions\/1843"}],"wp:attachment":[{"href":"https:\/\/viljelusvoistlus.ee\/en\/wp-json\/wp\/v2\/media?parent=1762"}],"wp:term":[{"taxonomy":"category","embeddable":true,"href":"https:\/\/viljelusvoistlus.ee\/en\/wp-json\/wp\/v2\/categories?post=1762"},{"taxonomy":"post_tag","embeddable":true,"href":"https:\/\/viljelusvoistlus.ee\/en\/wp-json\/wp\/v2\/tags?post=1762"}],"curies":[{"name":"wp","href":"https:\/\/api.w.org\/{rel}","templated":true}]}}