{"id":1748,"date":"2025-10-13T16:36:19","date_gmt":"2025-10-13T13:36:19","guid":{"rendered":"https:\/\/viljelusvoistlus.ee\/?p=1748"},"modified":"2025-10-15T10:28:17","modified_gmt":"2025-10-15T07:28:17","slug":"voistluspollud-2025-taliraps","status":"publish","type":"post","link":"https:\/\/viljelusvoistlus.ee\/en\/2025\/10\/13\/voistluspollud-2025-taliraps\/","title":{"rendered":"V\u00f5istlusp\u00f5llud 2025 &#8211; taliraps"},"content":{"rendered":"<div dir=\"auto\">Talirapsid olid viljelusv\u00f5istlusel 2025 saagikuselt p\u00e4ris head. Eriti kui v\u00f5rrelda eelmise aastaga kui maikuu p\u00f5ud j\u00e4ttis saagid v\u00e4ga madalaks.<\/div>\n<div dir=\"auto\">Seekord oli 9 v\u00f5istlusp\u00f5llu keskmine saagikus p\u00e4ris hea 4,4 t\/ha. Sealjuures kokku oli nende p\u00f5ldude pind kaunis suur &#8211; 414 ha.<\/div>\n<div dir=\"auto\">Parimad saagid 5,1 t\/ha moodustavad aga 74% senisest rekordsaagist 6,9 t\/ha, mis on Margus Lepp nimel aastast 2015.<\/div>\n<p>Toomas Printsmann J\u00e4rvamaalt Estonia O\u00dcst sordiga &#8216;Janosh&#8217;, 5,1 t\/ha.<br \/>\n<img loading=\"lazy\" decoding=\"async\" class=\"alignnone size-medium wp-image-1758\" src=\"https:\/\/viljelusvoistlus.ee\/wp-content\/uploads\/2025\/10\/Toomas-Printsmann-300x200.jpg\" alt=\"\" width=\"300\" height=\"200\" srcset=\"https:\/\/viljelusvoistlus.ee\/wp-content\/uploads\/2025\/10\/Toomas-Printsmann-300x200.jpg 300w, https:\/\/viljelusvoistlus.ee\/wp-content\/uploads\/2025\/10\/Toomas-Printsmann-1024x681.jpg 1024w, https:\/\/viljelusvoistlus.ee\/wp-content\/uploads\/2025\/10\/Toomas-Printsmann-768x511.jpg 768w, https:\/\/viljelusvoistlus.ee\/wp-content\/uploads\/2025\/10\/Toomas-Printsmann-1536x1022.jpg 1536w, https:\/\/viljelusvoistlus.ee\/wp-content\/uploads\/2025\/10\/Toomas-Printsmann-480x319.jpg 480w, https:\/\/viljelusvoistlus.ee\/wp-content\/uploads\/2025\/10\/Toomas-Printsmann-1000x665.jpg 1000w, https:\/\/viljelusvoistlus.ee\/wp-content\/uploads\/2025\/10\/Toomas-Printsmann-230x153.jpg 230w, https:\/\/viljelusvoistlus.ee\/wp-content\/uploads\/2025\/10\/Toomas-Printsmann-350x233.jpg 350w, https:\/\/viljelusvoistlus.ee\/wp-content\/uploads\/2025\/10\/Toomas-Printsmann-272x182.jpg 272w, https:\/\/viljelusvoistlus.ee\/wp-content\/uploads\/2025\/10\/Toomas-Printsmann.jpg 2048w\" sizes=\"auto, (max-width: 300px) 100vw, 300px\" \/><\/p>\n<p>Taniel Eensalu J\u00f5gevamaalt M\u00e4llikvere O\u00dcst sordiga &#8216;Janosh&#8217;, 5,1 t\/ha.<br \/>\n<img loading=\"lazy\" decoding=\"async\" class=\"alignnone size-medium wp-image-1757\" src=\"https:\/\/viljelusvoistlus.ee\/wp-content\/uploads\/2025\/10\/Taniel-Eensalu_Janosh-300x200.jpg\" alt=\"\" width=\"300\" height=\"200\" srcset=\"https:\/\/viljelusvoistlus.ee\/wp-content\/uploads\/2025\/10\/Taniel-Eensalu_Janosh-300x200.jpg 300w, https:\/\/viljelusvoistlus.ee\/wp-content\/uploads\/2025\/10\/Taniel-Eensalu_Janosh-1024x681.jpg 1024w, https:\/\/viljelusvoistlus.ee\/wp-content\/uploads\/2025\/10\/Taniel-Eensalu_Janosh-768x511.jpg 768w, https:\/\/viljelusvoistlus.ee\/wp-content\/uploads\/2025\/10\/Taniel-Eensalu_Janosh-1536x1022.jpg 1536w, https:\/\/viljelusvoistlus.ee\/wp-content\/uploads\/2025\/10\/Taniel-Eensalu_Janosh-480x319.jpg 480w, https:\/\/viljelusvoistlus.ee\/wp-content\/uploads\/2025\/10\/Taniel-Eensalu_Janosh-1000x665.jpg 1000w, https:\/\/viljelusvoistlus.ee\/wp-content\/uploads\/2025\/10\/Taniel-Eensalu_Janosh-230x153.jpg 230w, https:\/\/viljelusvoistlus.ee\/wp-content\/uploads\/2025\/10\/Taniel-Eensalu_Janosh-350x233.jpg 350w, https:\/\/viljelusvoistlus.ee\/wp-content\/uploads\/2025\/10\/Taniel-Eensalu_Janosh-272x182.jpg 272w, https:\/\/viljelusvoistlus.ee\/wp-content\/uploads\/2025\/10\/Taniel-Eensalu_Janosh.jpg 2048w\" sizes=\"auto, (max-width: 300px) 100vw, 300px\" \/><\/p>\n<p>Taniel Eensalu J\u00f5gevamaalt Temeter O\u00dcst sordiga &#8216;DK Expectation&#8217;, 4,7 t\/ha.<br \/>\n<img loading=\"lazy\" decoding=\"async\" class=\"alignnone size-medium wp-image-1756\" src=\"https:\/\/viljelusvoistlus.ee\/wp-content\/uploads\/2025\/10\/Taniel-Eensalu_DK-Expectation-300x200.jpg\" alt=\"\" width=\"300\" height=\"200\" srcset=\"https:\/\/viljelusvoistlus.ee\/wp-content\/uploads\/2025\/10\/Taniel-Eensalu_DK-Expectation-300x200.jpg 300w, https:\/\/viljelusvoistlus.ee\/wp-content\/uploads\/2025\/10\/Taniel-Eensalu_DK-Expectation-1024x681.jpg 1024w, https:\/\/viljelusvoistlus.ee\/wp-content\/uploads\/2025\/10\/Taniel-Eensalu_DK-Expectation-768x511.jpg 768w, https:\/\/viljelusvoistlus.ee\/wp-content\/uploads\/2025\/10\/Taniel-Eensalu_DK-Expectation-1536x1022.jpg 1536w, https:\/\/viljelusvoistlus.ee\/wp-content\/uploads\/2025\/10\/Taniel-Eensalu_DK-Expectation-480x319.jpg 480w, https:\/\/viljelusvoistlus.ee\/wp-content\/uploads\/2025\/10\/Taniel-Eensalu_DK-Expectation-1000x665.jpg 1000w, https:\/\/viljelusvoistlus.ee\/wp-content\/uploads\/2025\/10\/Taniel-Eensalu_DK-Expectation-230x153.jpg 230w, https:\/\/viljelusvoistlus.ee\/wp-content\/uploads\/2025\/10\/Taniel-Eensalu_DK-Expectation-350x233.jpg 350w, https:\/\/viljelusvoistlus.ee\/wp-content\/uploads\/2025\/10\/Taniel-Eensalu_DK-Expectation-272x182.jpg 272w, https:\/\/viljelusvoistlus.ee\/wp-content\/uploads\/2025\/10\/Taniel-Eensalu_DK-Expectation.jpg 2048w\" sizes=\"auto, (max-width: 300px) 100vw, 300px\" \/><\/p>\n<p>Erki Plamus Raplamaalt sordiga &#8216;Texas&#8217;, 4,6 t\/ha.<br \/>\n<img loading=\"lazy\" decoding=\"async\" class=\"alignnone size-medium wp-image-1753\" src=\"https:\/\/viljelusvoistlus.ee\/wp-content\/uploads\/2025\/10\/Erki-Plamus-300x200.jpg\" alt=\"\" width=\"300\" height=\"200\" srcset=\"https:\/\/viljelusvoistlus.ee\/wp-content\/uploads\/2025\/10\/Erki-Plamus-300x200.jpg 300w, https:\/\/viljelusvoistlus.ee\/wp-content\/uploads\/2025\/10\/Erki-Plamus-1024x681.jpg 1024w, https:\/\/viljelusvoistlus.ee\/wp-content\/uploads\/2025\/10\/Erki-Plamus-768x511.jpg 768w, https:\/\/viljelusvoistlus.ee\/wp-content\/uploads\/2025\/10\/Erki-Plamus-1536x1022.jpg 1536w, https:\/\/viljelusvoistlus.ee\/wp-content\/uploads\/2025\/10\/Erki-Plamus-480x319.jpg 480w, https:\/\/viljelusvoistlus.ee\/wp-content\/uploads\/2025\/10\/Erki-Plamus-1000x665.jpg 1000w, https:\/\/viljelusvoistlus.ee\/wp-content\/uploads\/2025\/10\/Erki-Plamus-230x153.jpg 230w, https:\/\/viljelusvoistlus.ee\/wp-content\/uploads\/2025\/10\/Erki-Plamus-350x233.jpg 350w, https:\/\/viljelusvoistlus.ee\/wp-content\/uploads\/2025\/10\/Erki-Plamus-272x182.jpg 272w, https:\/\/viljelusvoistlus.ee\/wp-content\/uploads\/2025\/10\/Erki-Plamus.jpg 2048w\" sizes=\"auto, (max-width: 300px) 100vw, 300px\" \/><\/p>\n<p>Karel Toss P\u00f5lvamaalt Peri P\u00f5llumajanduslik ASist sordiga &#8216;Janosh&#8217;, 4,2 t\/ha.<br \/>\n<img loading=\"lazy\" decoding=\"async\" class=\"alignnone size-medium wp-image-1754\" src=\"https:\/\/viljelusvoistlus.ee\/wp-content\/uploads\/2025\/10\/Karel-Toss-300x200.jpg\" alt=\"\" width=\"300\" height=\"200\" srcset=\"https:\/\/viljelusvoistlus.ee\/wp-content\/uploads\/2025\/10\/Karel-Toss-300x200.jpg 300w, https:\/\/viljelusvoistlus.ee\/wp-content\/uploads\/2025\/10\/Karel-Toss-1024x681.jpg 1024w, https:\/\/viljelusvoistlus.ee\/wp-content\/uploads\/2025\/10\/Karel-Toss-768x511.jpg 768w, https:\/\/viljelusvoistlus.ee\/wp-content\/uploads\/2025\/10\/Karel-Toss-1536x1022.jpg 1536w, https:\/\/viljelusvoistlus.ee\/wp-content\/uploads\/2025\/10\/Karel-Toss-480x319.jpg 480w, https:\/\/viljelusvoistlus.ee\/wp-content\/uploads\/2025\/10\/Karel-Toss-1000x665.jpg 1000w, https:\/\/viljelusvoistlus.ee\/wp-content\/uploads\/2025\/10\/Karel-Toss-230x153.jpg 230w, https:\/\/viljelusvoistlus.ee\/wp-content\/uploads\/2025\/10\/Karel-Toss-350x233.jpg 350w, https:\/\/viljelusvoistlus.ee\/wp-content\/uploads\/2025\/10\/Karel-Toss-272x182.jpg 272w, https:\/\/viljelusvoistlus.ee\/wp-content\/uploads\/2025\/10\/Karel-Toss.jpg 2048w\" sizes=\"auto, (max-width: 300px) 100vw, 300px\" \/><\/p>\n<p>Raido Allsaar J\u00e4rvamaalt M\u00e4gede O\u00dcst sordiga &#8216;Crocant&#8217;, 4,1 t\/ha.<br \/>\n<img loading=\"lazy\" decoding=\"async\" class=\"alignnone size-medium wp-image-1755\" src=\"https:\/\/viljelusvoistlus.ee\/wp-content\/uploads\/2025\/10\/Raido-Allsaar-300x200.jpg\" alt=\"\" width=\"300\" height=\"200\" srcset=\"https:\/\/viljelusvoistlus.ee\/wp-content\/uploads\/2025\/10\/Raido-Allsaar-300x200.jpg 300w, https:\/\/viljelusvoistlus.ee\/wp-content\/uploads\/2025\/10\/Raido-Allsaar-1024x681.jpg 1024w, https:\/\/viljelusvoistlus.ee\/wp-content\/uploads\/2025\/10\/Raido-Allsaar-768x511.jpg 768w, https:\/\/viljelusvoistlus.ee\/wp-content\/uploads\/2025\/10\/Raido-Allsaar-1536x1022.jpg 1536w, https:\/\/viljelusvoistlus.ee\/wp-content\/uploads\/2025\/10\/Raido-Allsaar-480x319.jpg 480w, https:\/\/viljelusvoistlus.ee\/wp-content\/uploads\/2025\/10\/Raido-Allsaar-1000x665.jpg 1000w, https:\/\/viljelusvoistlus.ee\/wp-content\/uploads\/2025\/10\/Raido-Allsaar-230x153.jpg 230w, https:\/\/viljelusvoistlus.ee\/wp-content\/uploads\/2025\/10\/Raido-Allsaar-350x233.jpg 350w, https:\/\/viljelusvoistlus.ee\/wp-content\/uploads\/2025\/10\/Raido-Allsaar-272x182.jpg 272w, https:\/\/viljelusvoistlus.ee\/wp-content\/uploads\/2025\/10\/Raido-Allsaar.jpg 2048w\" sizes=\"auto, (max-width: 300px) 100vw, 300px\" \/><\/p>\n<p>Vardo Lund L\u00e4\u00e4ne-Virumaalt Avispeamees O\u00dcst sordiga &#8216;DK Exentric&#8217;, 4,1 t\/ha.<br \/>\n<img loading=\"lazy\" decoding=\"async\" class=\"alignnone size-medium wp-image-1760\" src=\"https:\/\/viljelusvoistlus.ee\/wp-content\/uploads\/2025\/10\/Vardo-Lund-300x200.jpg\" alt=\"\" width=\"300\" height=\"200\" srcset=\"https:\/\/viljelusvoistlus.ee\/wp-content\/uploads\/2025\/10\/Vardo-Lund-300x200.jpg 300w, https:\/\/viljelusvoistlus.ee\/wp-content\/uploads\/2025\/10\/Vardo-Lund-1024x681.jpg 1024w, https:\/\/viljelusvoistlus.ee\/wp-content\/uploads\/2025\/10\/Vardo-Lund-768x511.jpg 768w, https:\/\/viljelusvoistlus.ee\/wp-content\/uploads\/2025\/10\/Vardo-Lund-1536x1022.jpg 1536w, https:\/\/viljelusvoistlus.ee\/wp-content\/uploads\/2025\/10\/Vardo-Lund-480x319.jpg 480w, https:\/\/viljelusvoistlus.ee\/wp-content\/uploads\/2025\/10\/Vardo-Lund-1000x665.jpg 1000w, https:\/\/viljelusvoistlus.ee\/wp-content\/uploads\/2025\/10\/Vardo-Lund-230x153.jpg 230w, https:\/\/viljelusvoistlus.ee\/wp-content\/uploads\/2025\/10\/Vardo-Lund-350x233.jpg 350w, https:\/\/viljelusvoistlus.ee\/wp-content\/uploads\/2025\/10\/Vardo-Lund-272x182.jpg 272w, https:\/\/viljelusvoistlus.ee\/wp-content\/uploads\/2025\/10\/Vardo-Lund.jpg 2048w\" sizes=\"auto, (max-width: 300px) 100vw, 300px\" \/><\/p>\n<p>T\u00f5nis Riisk J\u00e4rvamaalt Essi Agrost sordiga &#8216;Mentor&#8217;, 4,1 t\/ha.<br \/>\n<img loading=\"lazy\" decoding=\"async\" class=\"alignnone size-medium wp-image-1759\" src=\"https:\/\/viljelusvoistlus.ee\/wp-content\/uploads\/2025\/10\/Tonis-Riisk-300x200.jpg\" alt=\"\" width=\"300\" height=\"200\" srcset=\"https:\/\/viljelusvoistlus.ee\/wp-content\/uploads\/2025\/10\/Tonis-Riisk-300x200.jpg 300w, https:\/\/viljelusvoistlus.ee\/wp-content\/uploads\/2025\/10\/Tonis-Riisk-1024x681.jpg 1024w, https:\/\/viljelusvoistlus.ee\/wp-content\/uploads\/2025\/10\/Tonis-Riisk-768x511.jpg 768w, https:\/\/viljelusvoistlus.ee\/wp-content\/uploads\/2025\/10\/Tonis-Riisk-1536x1022.jpg 1536w, https:\/\/viljelusvoistlus.ee\/wp-content\/uploads\/2025\/10\/Tonis-Riisk-480x319.jpg 480w, https:\/\/viljelusvoistlus.ee\/wp-content\/uploads\/2025\/10\/Tonis-Riisk-1000x665.jpg 1000w, https:\/\/viljelusvoistlus.ee\/wp-content\/uploads\/2025\/10\/Tonis-Riisk-230x153.jpg 230w, https:\/\/viljelusvoistlus.ee\/wp-content\/uploads\/2025\/10\/Tonis-Riisk-350x233.jpg 350w, https:\/\/viljelusvoistlus.ee\/wp-content\/uploads\/2025\/10\/Tonis-Riisk-272x182.jpg 272w, https:\/\/viljelusvoistlus.ee\/wp-content\/uploads\/2025\/10\/Tonis-Riisk.jpg 2048w\" sizes=\"auto, (max-width: 300px) 100vw, 300px\" \/><\/p>\n<p>Andrei Pukman Viljandimaalt K\u00f5o Agro O\u00dcst sordiga &#8216;SY Floretta&#8217;, 3,3 t\/ha.<br \/>\n<img loading=\"lazy\" decoding=\"async\" class=\"alignnone size-medium wp-image-1751\" src=\"https:\/\/viljelusvoistlus.ee\/wp-content\/uploads\/2025\/10\/Andrei-Pukman-300x200.jpg\" alt=\"\" width=\"300\" height=\"200\" srcset=\"https:\/\/viljelusvoistlus.ee\/wp-content\/uploads\/2025\/10\/Andrei-Pukman-300x200.jpg 300w, https:\/\/viljelusvoistlus.ee\/wp-content\/uploads\/2025\/10\/Andrei-Pukman-1024x681.jpg 1024w, https:\/\/viljelusvoistlus.ee\/wp-content\/uploads\/2025\/10\/Andrei-Pukman-768x511.jpg 768w, https:\/\/viljelusvoistlus.ee\/wp-content\/uploads\/2025\/10\/Andrei-Pukman-1536x1022.jpg 1536w, https:\/\/viljelusvoistlus.ee\/wp-content\/uploads\/2025\/10\/Andrei-Pukman-480x319.jpg 480w, https:\/\/viljelusvoistlus.ee\/wp-content\/uploads\/2025\/10\/Andrei-Pukman-1000x665.jpg 1000w, https:\/\/viljelusvoistlus.ee\/wp-content\/uploads\/2025\/10\/Andrei-Pukman-230x153.jpg 230w, https:\/\/viljelusvoistlus.ee\/wp-content\/uploads\/2025\/10\/Andrei-Pukman-350x233.jpg 350w, https:\/\/viljelusvoistlus.ee\/wp-content\/uploads\/2025\/10\/Andrei-Pukman-272x182.jpg 272w, https:\/\/viljelusvoistlus.ee\/wp-content\/uploads\/2025\/10\/Andrei-Pukman.jpg 2048w\" sizes=\"auto, (max-width: 300px) 100vw, 300px\" \/><\/p>\n<p>Parim k\u00e4esoleva aasta rapsikasvataja selgub aga saagikuse, saagi kvaliteedi ja tulukuse kokkuv\u00f5ttes ja avalikustatakse l\u00f5pukonverentsil Alatskivil 21. novembril.<\/p>\n<p>Rohkem fotosid ja infot v\u00f5istlusel osalevatest p\u00f5ldudest on leitav <a href=\"https:\/\/www.facebook.com\/viljelusvoistlus\">Viljelusv\u00f5istluse Facebookist<\/a><\/p>","protected":false},"excerpt":{"rendered":"<p>Talirapsid olid viljelusv\u00f5istlusel 2025 saagikuselt p\u00e4ris head. Eriti kui v\u00f5rrelda eelmise aastaga kui maikuu p\u00f5ud j\u00e4ttis saagid v\u00e4ga madalaks. Seekord oli 9 v\u00f5istlusp\u00f5llu keskmine saagikus p\u00e4ris hea 4,4 t\/ha. Sealjuures kokku oli nende p\u00f5ldude pind kaunis suur &#8211; 414 ha. Parimad saagid 5,1 t\/ha moodustavad aga 74% senisest rekordsaagist 6,9 t\/ha, mis on Margus Lepp [&hellip;]<\/p>\n","protected":false},"author":9,"featured_media":0,"comment_status":"closed","ping_status":"open","sticky":false,"template":"","format":"standard","meta":{"two_page_speed":[],"footnotes":""},"categories":[1],"tags":[],"class_list":["post-1748","post","type-post","status-publish","format-standard","hentry","category-maaratlemata"],"_links":{"self":[{"href":"https:\/\/viljelusvoistlus.ee\/en\/wp-json\/wp\/v2\/posts\/1748","targetHints":{"allow":["GET"]}}],"collection":[{"href":"https:\/\/viljelusvoistlus.ee\/en\/wp-json\/wp\/v2\/posts"}],"about":[{"href":"https:\/\/viljelusvoistlus.ee\/en\/wp-json\/wp\/v2\/types\/post"}],"author":[{"embeddable":true,"href":"https:\/\/viljelusvoistlus.ee\/en\/wp-json\/wp\/v2\/users\/9"}],"replies":[{"embeddable":true,"href":"https:\/\/viljelusvoistlus.ee\/en\/wp-json\/wp\/v2\/comments?post=1748"}],"version-history":[{"count":5,"href":"https:\/\/viljelusvoistlus.ee\/en\/wp-json\/wp\/v2\/posts\/1748\/revisions"}],"predecessor-version":[{"id":1842,"href":"https:\/\/viljelusvoistlus.ee\/en\/wp-json\/wp\/v2\/posts\/1748\/revisions\/1842"}],"wp:attachment":[{"href":"https:\/\/viljelusvoistlus.ee\/en\/wp-json\/wp\/v2\/media?parent=1748"}],"wp:term":[{"taxonomy":"category","embeddable":true,"href":"https:\/\/viljelusvoistlus.ee\/en\/wp-json\/wp\/v2\/categories?post=1748"},{"taxonomy":"post_tag","embeddable":true,"href":"https:\/\/viljelusvoistlus.ee\/en\/wp-json\/wp\/v2\/tags?post=1748"}],"curies":[{"name":"wp","href":"https:\/\/api.w.org\/{rel}","templated":true}]}}